{"id":11072,"date":"2021-05-21T11:12:20","date_gmt":"2021-05-21T09:12:20","guid":{"rendered":"http:\/\/www.lyceedechamalieres.fr\/?p=11072"},"modified":"2021-05-21T11:17:18","modified_gmt":"2021-05-21T09:17:18","slug":"radio-cham-laureat-du-concours-mediatiks-2021-2","status":"publish","type":"post","link":"https:\/\/lyceedechamalieres.fr\/?p=11072","title":{"rendered":"Radio&rsquo; Cham remporte le concours M\u00e9diatiks 2021"},"content":{"rendered":"<p><img loading=\"lazy\" decoding=\"async\" class=\"alignleft size-thumbnail wp-image-10800\" src=\"http:\/\/www.lyceedechamalieres.fr\/wp-content\/uploads\/2021\/04\/concours-150x150.jpg\" alt=\"\" width=\"150\" height=\"150\" srcset=\"https:\/\/lyceedechamalieres.fr\/wp-content\/uploads\/2021\/04\/concours-150x150.jpg 150w, https:\/\/lyceedechamalieres.fr\/wp-content\/uploads\/2021\/04\/concours-144x144.jpg 144w\" sizes=\"auto, (max-width: 150px) 100vw, 150px\" \/>Radio&rsquo;Cham, la webradio du lyc\u00e9e de Chamali\u00e8res avait remport\u00e9 une premi\u00e8re phase qui se d\u00e9roule au niveau des acad\u00e9mies. Elle vient de remporter le prix national des m\u00e9dias scolaires, cat\u00e9gorie lyc\u00e9e\/radio. <!--more--><\/p>\n<p>Quelques informations pour comprendre l&rsquo;ampleur de l&rsquo;\u00e9v\u00e8nement pour le lyc\u00e9e :<\/p>\n<ul>\n<li>M\u00e9diatiks 2021 a enregistr\u00e9 902 inscriptions dans les 33 concours M\u00e9diatiks acad\u00e9miques<\/li>\n<li>175 productions ont \u00e9t\u00e9 s\u00e9lectionn\u00e9es par les jury acad\u00e9miques pour participer \u00e0 la phase nationale (77 journaux imprim\u00e9s et en ligne, 51 webradios et productions radio, 19 web TV et productions vid\u00e9o, 28 reportages photo)<\/li>\n<li>56 finalistes ont \u00e9t\u00e9 soumis au jury national.<\/li>\n<\/ul>\n<p>Bravo \u00e0 tous ceux qui font vivre cette webradio, et particuli\u00e8rement nos deux documentalistes, Charline DELHOUME et Christine ERCOLANI !<\/p>\n<p>En savoir plus : <a href=\"https:\/\/www.clemi.fr\/fr\/mediatiks\/mediatiks2021.html#journal\" target=\"_blank\" rel=\"noopener\">https:\/\/www.clemi.fr\/fr\/mediatiks<\/a><br \/>\n\u00c9coutez la webradio : <a href=\"https:\/\/mediascol.ac-clermont.fr\/lycee-polyvalent-chamalieres\/\" target=\"_blank\" rel=\"noopener\">https:\/\/mediascol.ac-clermont.fr\/lycee-polyvalent-chamalieres\/<\/a><\/p>\n","protected":false},"excerpt":{"rendered":"<p>Radio&rsquo;Cham, la webradio du lyc\u00e9e de Chamali\u00e8res avait remport\u00e9 une premi\u00e8re phase qui se d\u00e9roule au niveau des acad\u00e9mies. Elle vient de remporter le prix [&#8230;]<\/p>\n","protected":false},"author":1,"featured_media":0,"comment_status":"closed","ping_status":"closed","sticky":false,"template":"","format":"standard","meta":{"footnotes":""},"categories":[7],"tags":[34],"class_list":["post-11072","post","type-post","status-publish","format-standard","hentry","category-actualites","tag-concours"],"_links":{"self":[{"href":"https:\/\/lyceedechamalieres.fr\/index.php?rest_route=\/wp\/v2\/posts\/11072","targetHints":{"allow":["GET"]}}],"collection":[{"href":"https:\/\/lyceedechamalieres.fr\/index.php?rest_route=\/wp\/v2\/posts"}],"about":[{"href":"https:\/\/lyceedechamalieres.fr\/index.php?rest_route=\/wp\/v2\/types\/post"}],"author":[{"embeddable":true,"href":"https:\/\/lyceedechamalieres.fr\/index.php?rest_route=\/wp\/v2\/users\/1"}],"replies":[{"embeddable":true,"href":"https:\/\/lyceedechamalieres.fr\/index.php?rest_route=%2Fwp%2Fv2%2Fcomments&post=11072"}],"version-history":[{"count":4,"href":"https:\/\/lyceedechamalieres.fr\/index.php?rest_route=\/wp\/v2\/posts\/11072\/revisions"}],"predecessor-version":[{"id":11076,"href":"https:\/\/lyceedechamalieres.fr\/index.php?rest_route=\/wp\/v2\/posts\/11072\/revisions\/11076"}],"wp:attachment":[{"href":"https:\/\/lyceedechamalieres.fr\/index.php?rest_route=%2Fwp%2Fv2%2Fmedia&parent=11072"}],"wp:term":[{"taxonomy":"category","embeddable":true,"href":"https:\/\/lyceedechamalieres.fr\/index.php?rest_route=%2Fwp%2Fv2%2Fcategories&post=11072"},{"taxonomy":"post_tag","embeddable":true,"href":"https:\/\/lyceedechamalieres.fr\/index.php?rest_route=%2Fwp%2Fv2%2Ftags&post=11072"}],"curies":[{"name":"wp","href":"https:\/\/api.w.org\/{rel}","templated":true}]}}