{"id":11217,"date":"2021-09-02T10:02:26","date_gmt":"2021-09-02T08:02:26","guid":{"rendered":"http:\/\/www.lyceedechamalieres.fr\/?p=11217"},"modified":"2021-09-02T14:22:51","modified_gmt":"2021-09-02T12:22:51","slug":"rentree-scolaire-2017-2018-2-2-2-2","status":"publish","type":"post","link":"https:\/\/lyceedechamalieres.fr\/?p=11217","title":{"rendered":"Rentr\u00e9e scolaire 2021-2022"},"content":{"rendered":"<p><img loading=\"lazy\" decoding=\"async\" class=\"alignleft wp-image-6363\" src=\"http:\/\/www.lyceedechamalieres.fr\/wp-content\/uploads\/2016\/05\/logo-150x150.png\" alt=\"logo\" width=\"116\" height=\"116\" srcset=\"https:\/\/lyceedechamalieres.fr\/wp-content\/uploads\/2016\/05\/logo-150x150.png 150w, https:\/\/lyceedechamalieres.fr\/wp-content\/uploads\/2016\/05\/logo-144x144.png 144w\" sizes=\"auto, (max-width: 116px) 100vw, 116px\" \/>Retrouvez le document ci-dessous regroupant les informations concernant la rentr\u00e9e scolaire 2021-2022.<br \/>\nLa pr\u00e9-rentr\u00e9e des enseignants est pr\u00e9vue le 1er septembre, la rentr\u00e9e des \u00e9l\u00e8ves s&rsquo;\u00e9tale entre le 2 et le 6 septembre selon le calendrier suivant :<!--more--><\/p>\n<p>&nbsp;<\/p>\n<a href=\"\/_pdf\/rentree21.pdf\" class=\"pdfemb-viewer\" style=\"\" data-width=\"max\" data-height=\"max\" data-mobile-width=\"500\"  data-scrollbar=\"none\" data-download=\"on\" data-tracking=\"on\" data-newwindow=\"on\" data-pagetextbox=\"off\" data-scrolltotop=\"off\" data-startzoom=\"100\" data-startfpzoom=\"100\" data-toolbar=\"both\" data-toolbar-fixed=\"off\">rentree21<br\/><\/a>\n<h5>Mise \u00e0 jour du 2 septembre<\/h5>\n<p>Retrouvez <a href=\"http:\/\/www.lyceedechamalieres.fr\/?page_id=10136\">sur ce lien<\/a> les documents utiles pour l&rsquo;ann\u00e9e scolaire 2021-2022.<\/p>\n<p><strong>T\u00e9l\u00e9charger ici <a href=\"http:\/\/www.lyceedechamalieres.fr\/_pdf\/rentree2020\/livret-rentree21.pdf\" target=\"_blank\" rel=\"noopener\">le livret de rentr\u00e9e septembre 2021<\/a> (pdf, 40 pages)<\/strong><\/p>\n<p style=\"padding-left: 40px;\"><em>1. L\u2019\u00e9quipe de direction <\/em><br \/>\n<em>2. Le personnel non enseignant<\/em><br \/>\n<em>3. Liste des personnels enseignants <\/em><br \/>\n<em>4. Liste des personnels d\u2019\u00e9ducation, de surveillance et orientation <\/em><br \/>\n<em>5. Liste des personnels ASS et ATE <\/em><br \/>\n<em>6. Suivi p\u00e9dagogique et \u00e9ducatif : classes du secondaire <\/em><br \/>\n<em>7. Suivi p\u00e9dagogique et \u00e9ducatif : mentions compl\u00e9mentaires et post-bac <\/em><br \/>\n<em>8. Coordonnateurs de disciplines <\/em><br \/>\n<em>9. Journ\u00e9es de rentr\u00e9e des personnels enseignants et d\u2019\u00e9ducation<\/em><br \/>\n<em>10. Rentr\u00e9e des \u00e9l\u00e8ves <\/em><br \/>\n<em>11. Acc\u00e8s au restaurant scolaire <\/em><br \/>\n<em>12. Distribution des manuels scolaires <\/em><br \/>\n<em>13. Planning du 1er trimestre (susceptible de modifications) <\/em><br \/>\n<em>14. Calendrier p\u00e9dagogique (pr\u00e9visionnel) <\/em><br \/>\n<em>15. Calendrier d\u2019alternance des semaines \/ Calendrier scolaire 2021\/2022<\/em><br \/>\n<em>16. Calendrier des stages et PFMP 2021\/2022 <\/em><br \/>\n<em>17. Contrat de savoir \u00eatre<\/em><br \/>\n<em>18. Proc\u00e9dures administratives <\/em><br \/>\n<em>19. R\u00e8glement int\u00e9rieur <\/em><br \/>\n<em>20. Projet d\u2019\u00e9tablissement 2017\/2021 <\/em><br \/>\n<em>21. Contrat d\u2019objectifs tripartite 2017-2021<\/em><br \/>\n<em>22. Protocole d\u2019urgence<\/em><br \/>\n<em>23. Protocole d\u2019\u00e9vacuation en cas d\u2019alerte incendie <\/em><br \/>\n<em>24. Plan particulier de mise en s\u00e9curit\u00e9 (PPMS) <\/em><br \/>\n<em>25. Plan Vigipirate \u00ab Alerte attentat \u00bb<\/em><\/p>\n<p>&nbsp;<\/p>\n","protected":false},"excerpt":{"rendered":"<p>Retrouvez le document ci-dessous regroupant les informations concernant la rentr\u00e9e scolaire 2021-2022. La pr\u00e9-rentr\u00e9e des enseignants est pr\u00e9vue le 1er septembre, la rentr\u00e9e des \u00e9l\u00e8ves [&#8230;]<\/p>\n","protected":false},"author":1,"featured_media":0,"comment_status":"closed","ping_status":"closed","sticky":false,"template":"","format":"standard","meta":{"footnotes":""},"categories":[7],"tags":[88],"class_list":["post-11217","post","type-post","status-publish","format-standard","hentry","category-actualites","tag-actualites"],"_links":{"self":[{"href":"https:\/\/lyceedechamalieres.fr\/index.php?rest_route=\/wp\/v2\/posts\/11217","targetHints":{"allow":["GET"]}}],"collection":[{"href":"https:\/\/lyceedechamalieres.fr\/index.php?rest_route=\/wp\/v2\/posts"}],"about":[{"href":"https:\/\/lyceedechamalieres.fr\/index.php?rest_route=\/wp\/v2\/types\/post"}],"author":[{"embeddable":true,"href":"https:\/\/lyceedechamalieres.fr\/index.php?rest_route=\/wp\/v2\/users\/1"}],"replies":[{"embeddable":true,"href":"https:\/\/lyceedechamalieres.fr\/index.php?rest_route=%2Fwp%2Fv2%2Fcomments&post=11217"}],"version-history":[{"count":10,"href":"https:\/\/lyceedechamalieres.fr\/index.php?rest_route=\/wp\/v2\/posts\/11217\/revisions"}],"predecessor-version":[{"id":11295,"href":"https:\/\/lyceedechamalieres.fr\/index.php?rest_route=\/wp\/v2\/posts\/11217\/revisions\/11295"}],"wp:attachment":[{"href":"https:\/\/lyceedechamalieres.fr\/index.php?rest_route=%2Fwp%2Fv2%2Fmedia&parent=11217"}],"wp:term":[{"taxonomy":"category","embeddable":true,"href":"https:\/\/lyceedechamalieres.fr\/index.php?rest_route=%2Fwp%2Fv2%2Fcategories&post=11217"},{"taxonomy":"post_tag","embeddable":true,"href":"https:\/\/lyceedechamalieres.fr\/index.php?rest_route=%2Fwp%2Fv2%2Ftags&post=11217"}],"curies":[{"name":"wp","href":"https:\/\/api.w.org\/{rel}","templated":true}]}}