{"id":11651,"date":"2021-11-29T08:05:00","date_gmt":"2021-11-29T07:05:00","guid":{"rendered":"http:\/\/www.lyceedechamalieres.fr\/?p=11651"},"modified":"2021-11-29T08:05:00","modified_gmt":"2021-11-29T07:05:00","slug":"comme-un-avant-gout-de-noel","status":"publish","type":"post","link":"https:\/\/lyceedechamalieres.fr\/?p=11651","title":{"rendered":"Comme un avant-go\u00fbt de No\u00ebl !"},"content":{"rendered":"<p><img loading=\"lazy\" decoding=\"async\" class=\"alignleft size-thumbnail wp-image-11652\" src=\"http:\/\/www.lyceedechamalieres.fr\/wp-content\/uploads\/2021\/11\/img-3-150x150.jpg\" alt=\"\" width=\"150\" height=\"150\" srcset=\"https:\/\/lyceedechamalieres.fr\/wp-content\/uploads\/2021\/11\/img-3-150x150.jpg 150w, https:\/\/lyceedechamalieres.fr\/wp-content\/uploads\/2021\/11\/img-3-144x144.jpg 144w\" sizes=\"auto, (max-width: 150px) 100vw, 150px\" \/>Les germanistes de 2nde professionnelle et les apprentis de BTS inscrits au lyc\u00e9e de Chamali\u00e8res ont pu, vendredi 26 novembre, replonger en enfance avec l\u2019op\u00e9ra H\u00e4nsel et Gretel, mis en sc\u00e8ne par Val\u00e9rie Marestin. <!--more-->Chacun a pu d\u00e9couvrir le lieu prestigieux de l\u2019op\u00e9ra de Clermont-Ferrand et approcher la magie du spectacle. Le conte modernis\u00e9 a montr\u00e9 que l\u2019art du spectacle est un art vivant. Accompagn\u00e9s par leurs enseignantes, Mme Dupr\u00e9, Mme Dignat et Mme Gautron, ils ont pu\u2026 chanter tous en ch\u0153ur dans cet op\u00e9ra participatif.<br \/>\nUn beau moment de partage\u00a0!<\/p>\n<p><a href=\"http:\/\/www.lyceedechamalieres.fr\/wp-content\/uploads\/2021\/11\/collage-4.jpg\"><img loading=\"lazy\" decoding=\"async\" class=\"alignnone size-large wp-image-11653\" src=\"http:\/\/www.lyceedechamalieres.fr\/wp-content\/uploads\/2021\/11\/collage-4-1024x683.jpg\" alt=\"\" width=\"860\" height=\"574\" srcset=\"https:\/\/lyceedechamalieres.fr\/wp-content\/uploads\/2021\/11\/collage-4-1024x683.jpg 1024w, https:\/\/lyceedechamalieres.fr\/wp-content\/uploads\/2021\/11\/collage-4-300x200.jpg 300w, https:\/\/lyceedechamalieres.fr\/wp-content\/uploads\/2021\/11\/collage-4-768x512.jpg 768w, https:\/\/lyceedechamalieres.fr\/wp-content\/uploads\/2021\/11\/collage-4-600x400.jpg 600w, https:\/\/lyceedechamalieres.fr\/wp-content\/uploads\/2021\/11\/collage-4.jpg 1200w\" sizes=\"auto, (max-width: 860px) 100vw, 860px\" \/><\/a><\/p>\n","protected":false},"excerpt":{"rendered":"<p>Les germanistes de 2nde professionnelle et les apprentis de BTS inscrits au lyc\u00e9e de Chamali\u00e8res ont pu, vendredi 26 novembre, replonger en enfance avec l\u2019op\u00e9ra [&#8230;]<\/p>\n","protected":false},"author":1,"featured_media":0,"comment_status":"closed","ping_status":"closed","sticky":false,"template":"","format":"standard","meta":{"footnotes":""},"categories":[7],"tags":[88],"class_list":["post-11651","post","type-post","status-publish","format-standard","hentry","category-actualites","tag-actualites"],"_links":{"self":[{"href":"https:\/\/lyceedechamalieres.fr\/index.php?rest_route=\/wp\/v2\/posts\/11651","targetHints":{"allow":["GET"]}}],"collection":[{"href":"https:\/\/lyceedechamalieres.fr\/index.php?rest_route=\/wp\/v2\/posts"}],"about":[{"href":"https:\/\/lyceedechamalieres.fr\/index.php?rest_route=\/wp\/v2\/types\/post"}],"author":[{"embeddable":true,"href":"https:\/\/lyceedechamalieres.fr\/index.php?rest_route=\/wp\/v2\/users\/1"}],"replies":[{"embeddable":true,"href":"https:\/\/lyceedechamalieres.fr\/index.php?rest_route=%2Fwp%2Fv2%2Fcomments&post=11651"}],"version-history":[{"count":1,"href":"https:\/\/lyceedechamalieres.fr\/index.php?rest_route=\/wp\/v2\/posts\/11651\/revisions"}],"predecessor-version":[{"id":11654,"href":"https:\/\/lyceedechamalieres.fr\/index.php?rest_route=\/wp\/v2\/posts\/11651\/revisions\/11654"}],"wp:attachment":[{"href":"https:\/\/lyceedechamalieres.fr\/index.php?rest_route=%2Fwp%2Fv2%2Fmedia&parent=11651"}],"wp:term":[{"taxonomy":"category","embeddable":true,"href":"https:\/\/lyceedechamalieres.fr\/index.php?rest_route=%2Fwp%2Fv2%2Fcategories&post=11651"},{"taxonomy":"post_tag","embeddable":true,"href":"https:\/\/lyceedechamalieres.fr\/index.php?rest_route=%2Fwp%2Fv2%2Ftags&post=11651"}],"curies":[{"name":"wp","href":"https:\/\/api.w.org\/{rel}","templated":true}]}}