{"id":12150,"date":"2022-05-10T16:53:37","date_gmt":"2022-05-10T14:53:37","guid":{"rendered":"http:\/\/www.lyceedechamalieres.fr\/?p=12150"},"modified":"2022-05-10T16:53:37","modified_gmt":"2022-05-10T14:53:37","slug":"voyage-de-memoire-au-mont-mouchet","status":"publish","type":"post","link":"https:\/\/lyceedechamalieres.fr\/?p=12150","title":{"rendered":"Voyage de m\u00e9moire au Mont-Mouchet"},"content":{"rendered":"<p><a href=\"http:\/\/www.lyceedechamalieres.fr\/wp-content\/uploads\/2022\/05\/01.jpg\"><img loading=\"lazy\" decoding=\"async\" class=\"size-full wp-image-12152 alignleft\" src=\"http:\/\/www.lyceedechamalieres.fr\/wp-content\/uploads\/2022\/05\/01.jpg\" alt=\"\" width=\"151\" height=\"150\" srcset=\"https:\/\/lyceedechamalieres.fr\/wp-content\/uploads\/2022\/05\/01.jpg 151w, https:\/\/lyceedechamalieres.fr\/wp-content\/uploads\/2022\/05\/01-144x144.jpg 144w\" sizes=\"auto, (max-width: 151px) 100vw, 151px\" \/><\/a>A la veille du 77\u00e8me anniversaire de la d\u00e9faite et de la capitulation de l\u2019Allemagne nazie face aux forces alli\u00e9es, les 7-8 mai 1945, les \u00e9l\u00e8ves des deux classes de Terminales STHR ont fait un voyage de m\u00e9moire au Mont-Mouchet (1465 m), haut lieu de la R\u00e9sistance fran\u00e7aise en Auvergne, organis\u00e9 par leurs professeurs d\u2019Histoire.<\/p>\n<p>Les \u00e9l\u00e8ves ont \u00e9t\u00e9 accompagn\u00e9s par Madame Mazal et Messieurs Fantin et Vincent. Ils ont pu d\u00e9couvrir le matin le mus\u00e9e du Mont-Mouchet ainsi que le m\u00e9morial, et l\u2019apr\u00e8s-midi visiter les villages-martyres de Ruynes en Margeride, de Clavi\u00e8res et de Paulhac-en-Margeride.<\/p>\n<p><a href=\"http:\/\/www.lyceedechamalieres.fr\/wp-content\/uploads\/2022\/05\/collage-1.jpg\"><img loading=\"lazy\" decoding=\"async\" class=\"alignnone size-large wp-image-12151\" src=\"http:\/\/www.lyceedechamalieres.fr\/wp-content\/uploads\/2022\/05\/collage-1-1024x512.jpg\" alt=\"\" width=\"860\" height=\"430\" srcset=\"https:\/\/lyceedechamalieres.fr\/wp-content\/uploads\/2022\/05\/collage-1-1024x512.jpg 1024w, https:\/\/lyceedechamalieres.fr\/wp-content\/uploads\/2022\/05\/collage-1-300x150.jpg 300w, https:\/\/lyceedechamalieres.fr\/wp-content\/uploads\/2022\/05\/collage-1-768x384.jpg 768w, https:\/\/lyceedechamalieres.fr\/wp-content\/uploads\/2022\/05\/collage-1-1536x768.jpg 1536w, https:\/\/lyceedechamalieres.fr\/wp-content\/uploads\/2022\/05\/collage-1-1320x660.jpg 1320w, https:\/\/lyceedechamalieres.fr\/wp-content\/uploads\/2022\/05\/collage-1.jpg 2000w\" sizes=\"auto, (max-width: 860px) 100vw, 860px\" \/><\/a><br \/>\nRetrouver l&rsquo;int\u00e9gralit\u00e9 du reportage dans le fichier ci-dessous :<\/p>\n<a href=\"\/_pdf\/mmouchet.pdf\" class=\"pdfemb-viewer\" style=\"\" data-width=\"max\" data-height=\"max\" data-mobile-width=\"500\"  data-scrollbar=\"none\" data-download=\"on\" data-tracking=\"on\" data-newwindow=\"on\" data-pagetextbox=\"off\" data-scrolltotop=\"off\" data-startzoom=\"100\" data-startfpzoom=\"100\" data-toolbar=\"both\" data-toolbar-fixed=\"off\">mmouchet<br\/><\/a>\n","protected":false},"excerpt":{"rendered":"<p>A la veille du 77\u00e8me anniversaire de la d\u00e9faite et de la capitulation de l\u2019Allemagne nazie face aux forces alli\u00e9es, les 7-8 mai 1945, les [&#8230;]<\/p>\n","protected":false},"author":1,"featured_media":0,"comment_status":"closed","ping_status":"closed","sticky":false,"template":"","format":"standard","meta":{"footnotes":""},"categories":[7],"tags":[88,191],"class_list":["post-12150","post","type-post","status-publish","format-standard","hentry","category-actualites","tag-actualites","tag-histoire"],"_links":{"self":[{"href":"https:\/\/lyceedechamalieres.fr\/index.php?rest_route=\/wp\/v2\/posts\/12150","targetHints":{"allow":["GET"]}}],"collection":[{"href":"https:\/\/lyceedechamalieres.fr\/index.php?rest_route=\/wp\/v2\/posts"}],"about":[{"href":"https:\/\/lyceedechamalieres.fr\/index.php?rest_route=\/wp\/v2\/types\/post"}],"author":[{"embeddable":true,"href":"https:\/\/lyceedechamalieres.fr\/index.php?rest_route=\/wp\/v2\/users\/1"}],"replies":[{"embeddable":true,"href":"https:\/\/lyceedechamalieres.fr\/index.php?rest_route=%2Fwp%2Fv2%2Fcomments&post=12150"}],"version-history":[{"count":1,"href":"https:\/\/lyceedechamalieres.fr\/index.php?rest_route=\/wp\/v2\/posts\/12150\/revisions"}],"predecessor-version":[{"id":12153,"href":"https:\/\/lyceedechamalieres.fr\/index.php?rest_route=\/wp\/v2\/posts\/12150\/revisions\/12153"}],"wp:attachment":[{"href":"https:\/\/lyceedechamalieres.fr\/index.php?rest_route=%2Fwp%2Fv2%2Fmedia&parent=12150"}],"wp:term":[{"taxonomy":"category","embeddable":true,"href":"https:\/\/lyceedechamalieres.fr\/index.php?rest_route=%2Fwp%2Fv2%2Fcategories&post=12150"},{"taxonomy":"post_tag","embeddable":true,"href":"https:\/\/lyceedechamalieres.fr\/index.php?rest_route=%2Fwp%2Fv2%2Ftags&post=12150"}],"curies":[{"name":"wp","href":"https:\/\/api.w.org\/{rel}","templated":true}]}}