{"id":12224,"date":"2022-05-28T15:15:01","date_gmt":"2022-05-28T13:15:01","guid":{"rendered":"http:\/\/www.lyceedechamalieres.fr\/?p=12224"},"modified":"2022-05-28T15:15:44","modified_gmt":"2022-05-28T13:15:44","slug":"deuxieme-rencontre-inter-etablissements-pour-les-pages-volcaniques","status":"publish","type":"post","link":"https:\/\/lyceedechamalieres.fr\/?p=12224","title":{"rendered":"Deuxi\u00e8me rencontre inter-\u00e9tablissements pour les \u00ab\u00a0Pages volcaniques\u00a0\u00bb"},"content":{"rendered":"<p><img loading=\"lazy\" decoding=\"async\" class=\"alignleft size-thumbnail wp-image-12225\" src=\"http:\/\/www.lyceedechamalieres.fr\/wp-content\/uploads\/2022\/05\/Titan-noir-150x150.jpg\" alt=\"\" width=\"150\" height=\"150\" srcset=\"https:\/\/lyceedechamalieres.fr\/wp-content\/uploads\/2022\/05\/Titan-noir-150x150.jpg 150w, https:\/\/lyceedechamalieres.fr\/wp-content\/uploads\/2022\/05\/Titan-noir-144x144.jpg 144w\" sizes=\"auto, (max-width: 150px) 100vw, 150px\" \/>70 \u00e9l\u00e8ves de troisi\u00e8me et seconde du coll\u00e8ge Anna Garcin-Mayade de Pontgibaud, du lyc\u00e9e Claude et Pierre Virlogeux de Riom et du Lyc\u00e9e h\u00f4telier de Chamali\u00e8res se sont retrouv\u00e9s l\u2019apr\u00e8s-midi du vendredi 13 mai au lyc\u00e9e pour rencontrer l\u2019autrice Florence Aubry et relever des d\u00e9fis ludiques autour de la s\u00e9lection d\u2019ouvrages lus en commun.<br \/>\nApr\u00e8s avoir visit\u00e9 l\u2019\u00e9tablissement, les \u00e9l\u00e8ves ont pu \u00e9changer avec Florence Aubry autour de son livre <a href=\"https:\/\/www.lerouergue.com\/catalogue\/titan-noir\" target=\"_blank\" rel=\"noopener\">Titan noir paru aux \u00e9ditions du Rouergue<\/a> en 2018 mais aussi sur sa vie d\u2019\u00e9crivaine. Nos \u00e9l\u00e8ves de 2nd Sthr1 ont r\u00e9alis\u00e9 des affiches sur le livre et Emma Audigier a m\u00eame r\u00e9alis\u00e9 un petit \u00ab Titan noir \u00bb en crochet qu\u2019elle a offert \u00e0 l\u2019auteur tr\u00e8s \u00e9mue par ce geste.<br \/>\nDans un deuxi\u00e8me temps ils ont affront\u00e9 leurs camarades autour de battles, recherches documentaires et jeux en ligne construits par les professeures documentalistes autour des livres lus.<br \/>\nUn beau moment pour cl\u00f4turer cette liaison 3\u00e8\/2nd !<\/p>\n<p><a href=\"http:\/\/www.lyceedechamalieres.fr\/wp-content\/uploads\/2022\/05\/collage-5.jpg\"><img loading=\"lazy\" decoding=\"async\" class=\"alignnone size-large wp-image-12226\" src=\"http:\/\/www.lyceedechamalieres.fr\/wp-content\/uploads\/2022\/05\/collage-5-1024x614.jpg\" alt=\"\" width=\"860\" height=\"516\" srcset=\"https:\/\/lyceedechamalieres.fr\/wp-content\/uploads\/2022\/05\/collage-5-1024x614.jpg 1024w, https:\/\/lyceedechamalieres.fr\/wp-content\/uploads\/2022\/05\/collage-5-300x180.jpg 300w, https:\/\/lyceedechamalieres.fr\/wp-content\/uploads\/2022\/05\/collage-5-768x461.jpg 768w, https:\/\/lyceedechamalieres.fr\/wp-content\/uploads\/2022\/05\/collage-5-1536x922.jpg 1536w, https:\/\/lyceedechamalieres.fr\/wp-content\/uploads\/2022\/05\/collage-5-1320x792.jpg 1320w, https:\/\/lyceedechamalieres.fr\/wp-content\/uploads\/2022\/05\/collage-5.jpg 2000w\" sizes=\"auto, (max-width: 860px) 100vw, 860px\" \/><\/a><\/p>\n","protected":false},"excerpt":{"rendered":"<p>70 \u00e9l\u00e8ves de troisi\u00e8me et seconde du coll\u00e8ge Anna Garcin-Mayade de Pontgibaud, du lyc\u00e9e Claude et Pierre Virlogeux de Riom et du Lyc\u00e9e h\u00f4telier de [&#8230;]<\/p>\n","protected":false},"author":1,"featured_media":0,"comment_status":"closed","ping_status":"closed","sticky":false,"template":"","format":"standard","meta":{"footnotes":""},"categories":[7],"tags":[23,41],"class_list":["post-12224","post","type-post","status-publish","format-standard","hentry","category-actualites","tag-livre","tag-rencontre"],"_links":{"self":[{"href":"https:\/\/lyceedechamalieres.fr\/index.php?rest_route=\/wp\/v2\/posts\/12224","targetHints":{"allow":["GET"]}}],"collection":[{"href":"https:\/\/lyceedechamalieres.fr\/index.php?rest_route=\/wp\/v2\/posts"}],"about":[{"href":"https:\/\/lyceedechamalieres.fr\/index.php?rest_route=\/wp\/v2\/types\/post"}],"author":[{"embeddable":true,"href":"https:\/\/lyceedechamalieres.fr\/index.php?rest_route=\/wp\/v2\/users\/1"}],"replies":[{"embeddable":true,"href":"https:\/\/lyceedechamalieres.fr\/index.php?rest_route=%2Fwp%2Fv2%2Fcomments&post=12224"}],"version-history":[{"count":2,"href":"https:\/\/lyceedechamalieres.fr\/index.php?rest_route=\/wp\/v2\/posts\/12224\/revisions"}],"predecessor-version":[{"id":12228,"href":"https:\/\/lyceedechamalieres.fr\/index.php?rest_route=\/wp\/v2\/posts\/12224\/revisions\/12228"}],"wp:attachment":[{"href":"https:\/\/lyceedechamalieres.fr\/index.php?rest_route=%2Fwp%2Fv2%2Fmedia&parent=12224"}],"wp:term":[{"taxonomy":"category","embeddable":true,"href":"https:\/\/lyceedechamalieres.fr\/index.php?rest_route=%2Fwp%2Fv2%2Fcategories&post=12224"},{"taxonomy":"post_tag","embeddable":true,"href":"https:\/\/lyceedechamalieres.fr\/index.php?rest_route=%2Fwp%2Fv2%2Ftags&post=12224"}],"curies":[{"name":"wp","href":"https:\/\/api.w.org\/{rel}","templated":true}]}}