{"id":12250,"date":"2022-06-07T09:22:16","date_gmt":"2022-06-07T07:22:16","guid":{"rendered":"http:\/\/www.lyceedechamalieres.fr\/?p=12250"},"modified":"2022-06-07T09:22:16","modified_gmt":"2022-06-07T07:22:16","slug":"iketides-ou-la-voix-des-femmes-le-film","status":"publish","type":"post","link":"https:\/\/lyceedechamalieres.fr\/?p=12250","title":{"rendered":"IKETIDES ou la voix des femmes &#8211; le film"},"content":{"rendered":"<p><img loading=\"lazy\" decoding=\"async\" class=\"alignleft size-thumbnail wp-image-12251\" src=\"http:\/\/www.lyceedechamalieres.fr\/wp-content\/uploads\/2022\/06\/img-150x150.png\" alt=\"\" width=\"150\" height=\"150\" srcset=\"https:\/\/lyceedechamalieres.fr\/wp-content\/uploads\/2022\/06\/img-150x150.png 150w, https:\/\/lyceedechamalieres.fr\/wp-content\/uploads\/2022\/06\/img-144x144.png 144w\" sizes=\"auto, (max-width: 150px) 100vw, 150px\" \/>La repr\u00e9sentation de la cr\u00e9ation litt\u00e9raire et musicale des hell\u00e9nistes de terminale du lyc\u00e9e g\u00e9n\u00e9ral a eu lieu le jeudi 7 avril, cette ann\u00e9e enrichie de la fructueuse et enrichissante collaboration avec les \u00e9l\u00e8ves de 2nde de l&rsquo;option Arts Plastiques.<\/p>\n<p>Ce film retrace l&rsquo;histoire de ce projet. Retrouvez toutes les informations sur ce lien : <a href=\"http:\/\/www.lyceedechamalieres.fr\/?p=11870\" target=\"_blank\" rel=\"noopener\">http:\/\/www.lyceedechamalieres.fr\/?p=11870<\/a><\/p>\n<p><a href=\"http:\/\/www.lyceedechamalieres.fr\/wp-content\/uploads\/2022\/06\/collage.jpg\"><img loading=\"lazy\" decoding=\"async\" class=\"alignnone size-large wp-image-12252\" src=\"http:\/\/www.lyceedechamalieres.fr\/wp-content\/uploads\/2022\/06\/collage-1024x614.jpg\" alt=\"\" width=\"860\" height=\"516\" srcset=\"https:\/\/lyceedechamalieres.fr\/wp-content\/uploads\/2022\/06\/collage-1024x614.jpg 1024w, https:\/\/lyceedechamalieres.fr\/wp-content\/uploads\/2022\/06\/collage-300x180.jpg 300w, https:\/\/lyceedechamalieres.fr\/wp-content\/uploads\/2022\/06\/collage-768x461.jpg 768w, https:\/\/lyceedechamalieres.fr\/wp-content\/uploads\/2022\/06\/collage-1536x922.jpg 1536w, https:\/\/lyceedechamalieres.fr\/wp-content\/uploads\/2022\/06\/collage-1320x792.jpg 1320w, https:\/\/lyceedechamalieres.fr\/wp-content\/uploads\/2022\/06\/collage.jpg 2000w\" sizes=\"auto, (max-width: 860px) 100vw, 860px\" \/><\/a><\/p>\n<div style=\"padding: 56.25% 0 0 0; position: relative;\"><iframe style=\"position: absolute; top: 0; left: 0; width: 100%; height: 100%;\" src=\"https:\/\/player.vimeo.com\/video\/717667568?h=25b0f25cda&amp;title=0&amp;byline=0&amp;portrait=0\" frameborder=\"0\" allowfullscreen=\"allowfullscreen\"><\/iframe><\/div>\n<p><script src=\"https:\/\/player.vimeo.com\/api\/player.js\"><\/script><\/p>\n<p><a href=\"https:\/\/vimeo.com\/717667568\">Iketides.mov<\/a> from <a href=\"https:\/\/vimeo.com\/user65137479\">Fran\u00e7ois Breugnot<\/a> on <a href=\"https:\/\/vimeo.com\">Vimeo<\/a>.<\/p>\n","protected":false},"excerpt":{"rendered":"<p>La repr\u00e9sentation de la cr\u00e9ation litt\u00e9raire et musicale des hell\u00e9nistes de terminale du lyc\u00e9e g\u00e9n\u00e9ral a eu lieu le jeudi 7 avril, cette ann\u00e9e enrichie [&#8230;]<\/p>\n","protected":false},"author":1,"featured_media":0,"comment_status":"closed","ping_status":"closed","sticky":false,"template":"","format":"standard","meta":{"footnotes":""},"categories":[189],"tags":[88,188],"class_list":["post-12250","post","type-post","status-publish","format-standard","hentry","category-langues-et-cultures-de-lantiquite","tag-actualites","tag-langues-et-cultures-de-lantiquite"],"_links":{"self":[{"href":"https:\/\/lyceedechamalieres.fr\/index.php?rest_route=\/wp\/v2\/posts\/12250","targetHints":{"allow":["GET"]}}],"collection":[{"href":"https:\/\/lyceedechamalieres.fr\/index.php?rest_route=\/wp\/v2\/posts"}],"about":[{"href":"https:\/\/lyceedechamalieres.fr\/index.php?rest_route=\/wp\/v2\/types\/post"}],"author":[{"embeddable":true,"href":"https:\/\/lyceedechamalieres.fr\/index.php?rest_route=\/wp\/v2\/users\/1"}],"replies":[{"embeddable":true,"href":"https:\/\/lyceedechamalieres.fr\/index.php?rest_route=%2Fwp%2Fv2%2Fcomments&post=12250"}],"version-history":[{"count":1,"href":"https:\/\/lyceedechamalieres.fr\/index.php?rest_route=\/wp\/v2\/posts\/12250\/revisions"}],"predecessor-version":[{"id":12253,"href":"https:\/\/lyceedechamalieres.fr\/index.php?rest_route=\/wp\/v2\/posts\/12250\/revisions\/12253"}],"wp:attachment":[{"href":"https:\/\/lyceedechamalieres.fr\/index.php?rest_route=%2Fwp%2Fv2%2Fmedia&parent=12250"}],"wp:term":[{"taxonomy":"category","embeddable":true,"href":"https:\/\/lyceedechamalieres.fr\/index.php?rest_route=%2Fwp%2Fv2%2Fcategories&post=12250"},{"taxonomy":"post_tag","embeddable":true,"href":"https:\/\/lyceedechamalieres.fr\/index.php?rest_route=%2Fwp%2Fv2%2Ftags&post=12250"}],"curies":[{"name":"wp","href":"https:\/\/api.w.org\/{rel}","templated":true}]}}