{"id":12910,"date":"2023-04-03T06:52:19","date_gmt":"2023-04-03T04:52:19","guid":{"rendered":"http:\/\/www.lyceedechamalieres.fr\/?p=12910"},"modified":"2023-04-03T06:58:15","modified_gmt":"2023-04-03T04:58:15","slug":"voyage-scolaire-en-autriche","status":"publish","type":"post","link":"https:\/\/lyceedechamalieres.fr\/?p=12910","title":{"rendered":"Voyage scolaire en Autriche"},"content":{"rendered":"<p><img loading=\"lazy\" decoding=\"async\" class=\"alignleft size-thumbnail wp-image-12911\" src=\"http:\/\/www.lyceedechamalieres.fr\/wp-content\/uploads\/2023\/04\/img-1-150x150.jpg\" alt=\"\" width=\"150\" height=\"150\" \/>Ce voyage s&rsquo;adresse aux \u00e9l\u00e8ves de Terminale g\u00e9n\u00e9rale: 59 \u00e9l\u00e8ves et 4 accompagnateurs: des \u00e9l\u00e8ves germanistes, des \u00e9l\u00e8ves en sp\u00e9cialit\u00e9 Histoire, G\u00e9ographie, G\u00e9opolique, Sciences Politiques et des \u00e9l\u00e8ves en sp\u00e9cialit\u00e9 Arts Plastiques.<br \/>\nCe voyage a \u00e9t\u00e9 pr\u00e9par\u00e9 par Agn\u00e8s Dupr\u00e9, professeur d&rsquo;allemand, Arlette Maquet, Rapha\u00ebl Fantin, tous deux professeurs d&rsquo;histoire G\u00e9ographie et Christophe Guillemart, professeur d&rsquo;Arts Plastiques. Les \u00e9l\u00e8ves visiteront la ville de Mozart: Salzbourg, le camp de concentration de Mauthausen, et la ville de Vienne.<br \/>\nLes professeurs remercient la Fondation pour la M\u00e9moire de la Shoah, le souvenir Fran\u00e7ais, la Fondation pour la M\u00e9moire de la D\u00e9portation, la F\u00e9d\u00e9ration Maginot, le Minist\u00e8re des Arm\u00e9es ainsi que l&rsquo;Acad\u00e9mie de Clermont.<\/p>\n<p>Voici le programme du voyage, \u00e0 suivre <a href=\"https:\/\/www.instagram.com\/allemandlyceecham\/\" target=\"_blank\" rel=\"noopener\">ici sur instagram<\/a> :<br \/>\n<a href=\"\/_pdf\/autriche23.pdf\" class=\"pdfemb-viewer\" style=\"\" data-width=\"max\" data-height=\"max\" data-mobile-width=\"500\"  data-scrollbar=\"none\" data-download=\"on\" data-tracking=\"on\" data-newwindow=\"on\" data-pagetextbox=\"off\" data-scrolltotop=\"off\" data-startzoom=\"100\" data-startfpzoom=\"100\" data-toolbar=\"both\" data-toolbar-fixed=\"off\">autriche23<br\/><\/a><\/p>\n","protected":false},"excerpt":{"rendered":"<p>Ce voyage s&rsquo;adresse aux \u00e9l\u00e8ves de Terminale g\u00e9n\u00e9rale: 59 \u00e9l\u00e8ves et 4 accompagnateurs: des \u00e9l\u00e8ves germanistes, des \u00e9l\u00e8ves en sp\u00e9cialit\u00e9 Histoire, G\u00e9ographie, G\u00e9opolique, Sciences Politiques [&#8230;]<\/p>\n","protected":false},"author":1,"featured_media":0,"comment_status":"closed","ping_status":"closed","sticky":false,"template":"","format":"standard","meta":{"footnotes":""},"categories":[7],"tags":[88,21],"class_list":["post-12910","post","type-post","status-publish","format-standard","hentry","category-actualites","tag-actualites","tag-voyage"],"_links":{"self":[{"href":"https:\/\/lyceedechamalieres.fr\/index.php?rest_route=\/wp\/v2\/posts\/12910","targetHints":{"allow":["GET"]}}],"collection":[{"href":"https:\/\/lyceedechamalieres.fr\/index.php?rest_route=\/wp\/v2\/posts"}],"about":[{"href":"https:\/\/lyceedechamalieres.fr\/index.php?rest_route=\/wp\/v2\/types\/post"}],"author":[{"embeddable":true,"href":"https:\/\/lyceedechamalieres.fr\/index.php?rest_route=\/wp\/v2\/users\/1"}],"replies":[{"embeddable":true,"href":"https:\/\/lyceedechamalieres.fr\/index.php?rest_route=%2Fwp%2Fv2%2Fcomments&post=12910"}],"version-history":[{"count":3,"href":"https:\/\/lyceedechamalieres.fr\/index.php?rest_route=\/wp\/v2\/posts\/12910\/revisions"}],"predecessor-version":[{"id":12914,"href":"https:\/\/lyceedechamalieres.fr\/index.php?rest_route=\/wp\/v2\/posts\/12910\/revisions\/12914"}],"wp:attachment":[{"href":"https:\/\/lyceedechamalieres.fr\/index.php?rest_route=%2Fwp%2Fv2%2Fmedia&parent=12910"}],"wp:term":[{"taxonomy":"category","embeddable":true,"href":"https:\/\/lyceedechamalieres.fr\/index.php?rest_route=%2Fwp%2Fv2%2Fcategories&post=12910"},{"taxonomy":"post_tag","embeddable":true,"href":"https:\/\/lyceedechamalieres.fr\/index.php?rest_route=%2Fwp%2Fv2%2Ftags&post=12910"}],"curies":[{"name":"wp","href":"https:\/\/api.w.org\/{rel}","templated":true}]}}