{"id":12918,"date":"2023-04-04T14:40:56","date_gmt":"2023-04-04T12:40:56","guid":{"rendered":"http:\/\/www.lyceedechamalieres.fr\/?p=12918"},"modified":"2023-04-04T14:40:56","modified_gmt":"2023-04-04T12:40:56","slug":"prix-du-concours-daffiches-amopa-2023","status":"publish","type":"post","link":"https:\/\/lyceedechamalieres.fr\/?p=12918","title":{"rendered":"Prix du concours d&rsquo;affiches AMOPA 2023\u00a0"},"content":{"rendered":"<p><img loading=\"lazy\" decoding=\"async\" class=\"alignleft size-thumbnail wp-image-12922\" src=\"http:\/\/www.lyceedechamalieres.fr\/wp-content\/uploads\/2023\/04\/20230404_102154-150x150.jpg\" alt=\"\" width=\"150\" height=\"150\" \/>Ce travail, sur le th\u00e8me des champignons\u00a0en date du 21 mars 2023, a \u00e9t\u00e9 r\u00e9alis\u00e9 en cours d&rsquo;arts appliqu\u00e9s, y participaient des \u00e9l\u00e8ves en situation de handicap sur tout le d\u00e9partement 63.<br \/>\nLes \u00e9l\u00e8ves ULIS du lyc\u00e9e de Chamali\u00e8res ont \u00e9t\u00e9 f\u00e9licit\u00e9s pour la qualit\u00e9 de leur travail.<br \/>\nIls ont re\u00e7u le Prix du Travail en commun.<\/p>\n<p><a href=\"http:\/\/www.lyceedechamalieres.fr\/wp-content\/uploads\/2023\/04\/collage-1.jpg\"><img loading=\"lazy\" decoding=\"async\" class=\"alignnone size-large wp-image-12919\" src=\"http:\/\/www.lyceedechamalieres.fr\/wp-content\/uploads\/2023\/04\/collage-1-1024x683.jpg\" alt=\"\" width=\"860\" height=\"574\" srcset=\"https:\/\/lyceedechamalieres.fr\/wp-content\/uploads\/2023\/04\/collage-1-1024x683.jpg 1024w, https:\/\/lyceedechamalieres.fr\/wp-content\/uploads\/2023\/04\/collage-1-300x200.jpg 300w, https:\/\/lyceedechamalieres.fr\/wp-content\/uploads\/2023\/04\/collage-1-768x512.jpg 768w, https:\/\/lyceedechamalieres.fr\/wp-content\/uploads\/2023\/04\/collage-1.jpg 1200w\" sizes=\"auto, (max-width: 860px) 100vw, 860px\" \/><\/a><\/p>\n<p><a href=\"http:\/\/www.lyceedechamalieres.fr\/wp-content\/uploads\/2023\/04\/20230404_102359-scaled.jpg\"><img loading=\"lazy\" decoding=\"async\" class=\"alignnone size-large wp-image-12920\" src=\"http:\/\/www.lyceedechamalieres.fr\/wp-content\/uploads\/2023\/04\/20230404_102359-1024x683.jpg\" alt=\"\" width=\"860\" height=\"574\" srcset=\"https:\/\/lyceedechamalieres.fr\/wp-content\/uploads\/2023\/04\/20230404_102359-1024x683.jpg 1024w, https:\/\/lyceedechamalieres.fr\/wp-content\/uploads\/2023\/04\/20230404_102359-300x200.jpg 300w, https:\/\/lyceedechamalieres.fr\/wp-content\/uploads\/2023\/04\/20230404_102359-768x513.jpg 768w, https:\/\/lyceedechamalieres.fr\/wp-content\/uploads\/2023\/04\/20230404_102359-1536x1025.jpg 1536w, https:\/\/lyceedechamalieres.fr\/wp-content\/uploads\/2023\/04\/20230404_102359-2048x1367.jpg 2048w, https:\/\/lyceedechamalieres.fr\/wp-content\/uploads\/2023\/04\/20230404_102359-1320x881.jpg 1320w\" sizes=\"auto, (max-width: 860px) 100vw, 860px\" \/><\/a><\/p>\n<p><a href=\"http:\/\/www.lyceedechamalieres.fr\/wp-content\/uploads\/2023\/04\/20230404_102646-scaled.jpg\"><img loading=\"lazy\" decoding=\"async\" class=\"alignnone size-large wp-image-12921\" src=\"http:\/\/www.lyceedechamalieres.fr\/wp-content\/uploads\/2023\/04\/20230404_102646-1024x570.jpg\" alt=\"\" width=\"860\" height=\"479\" srcset=\"https:\/\/lyceedechamalieres.fr\/wp-content\/uploads\/2023\/04\/20230404_102646-1024x570.jpg 1024w, https:\/\/lyceedechamalieres.fr\/wp-content\/uploads\/2023\/04\/20230404_102646-300x167.jpg 300w, https:\/\/lyceedechamalieres.fr\/wp-content\/uploads\/2023\/04\/20230404_102646-768x427.jpg 768w, https:\/\/lyceedechamalieres.fr\/wp-content\/uploads\/2023\/04\/20230404_102646-1536x854.jpg 1536w, https:\/\/lyceedechamalieres.fr\/wp-content\/uploads\/2023\/04\/20230404_102646-2048x1139.jpg 2048w, https:\/\/lyceedechamalieres.fr\/wp-content\/uploads\/2023\/04\/20230404_102646-1320x734.jpg 1320w\" sizes=\"auto, (max-width: 860px) 100vw, 860px\" \/><\/a><br \/>\nEn savoir plus :<br \/>\n<a href=\"https:\/\/amopa.asso.fr\/lordre-des-palmes-academiques\/\" target=\"_blank\" rel=\"noopener\">https:\/\/amopa.asso.fr\/lordre-des-palmes-academiques\/<\/a><\/p>\n","protected":false},"excerpt":{"rendered":"<p>Ce travail, sur le th\u00e8me des champignons\u00a0en date du 21 mars 2023, a \u00e9t\u00e9 r\u00e9alis\u00e9 en cours d&rsquo;arts appliqu\u00e9s, y participaient des \u00e9l\u00e8ves en situation [&#8230;]<\/p>\n","protected":false},"author":1,"featured_media":0,"comment_status":"closed","ping_status":"closed","sticky":false,"template":"","format":"standard","meta":{"footnotes":""},"categories":[15],"tags":[88,34,19],"class_list":["post-12918","post","type-post","status-publish","format-standard","hentry","category-ulis","tag-actualites","tag-concours","tag-ulis-2"],"_links":{"self":[{"href":"https:\/\/lyceedechamalieres.fr\/index.php?rest_route=\/wp\/v2\/posts\/12918","targetHints":{"allow":["GET"]}}],"collection":[{"href":"https:\/\/lyceedechamalieres.fr\/index.php?rest_route=\/wp\/v2\/posts"}],"about":[{"href":"https:\/\/lyceedechamalieres.fr\/index.php?rest_route=\/wp\/v2\/types\/post"}],"author":[{"embeddable":true,"href":"https:\/\/lyceedechamalieres.fr\/index.php?rest_route=\/wp\/v2\/users\/1"}],"replies":[{"embeddable":true,"href":"https:\/\/lyceedechamalieres.fr\/index.php?rest_route=%2Fwp%2Fv2%2Fcomments&post=12918"}],"version-history":[{"count":1,"href":"https:\/\/lyceedechamalieres.fr\/index.php?rest_route=\/wp\/v2\/posts\/12918\/revisions"}],"predecessor-version":[{"id":12923,"href":"https:\/\/lyceedechamalieres.fr\/index.php?rest_route=\/wp\/v2\/posts\/12918\/revisions\/12923"}],"wp:attachment":[{"href":"https:\/\/lyceedechamalieres.fr\/index.php?rest_route=%2Fwp%2Fv2%2Fmedia&parent=12918"}],"wp:term":[{"taxonomy":"category","embeddable":true,"href":"https:\/\/lyceedechamalieres.fr\/index.php?rest_route=%2Fwp%2Fv2%2Fcategories&post=12918"},{"taxonomy":"post_tag","embeddable":true,"href":"https:\/\/lyceedechamalieres.fr\/index.php?rest_route=%2Fwp%2Fv2%2Ftags&post=12918"}],"curies":[{"name":"wp","href":"https:\/\/api.w.org\/{rel}","templated":true}]}}