{"id":13013,"date":"2023-04-28T09:36:56","date_gmt":"2023-04-28T07:36:56","guid":{"rendered":"http:\/\/www.lyceedechamalieres.fr\/?p=13013"},"modified":"2023-04-28T09:36:56","modified_gmt":"2023-04-28T07:36:56","slug":"prix-academique-de-la-webradio-lyceenne","status":"publish","type":"post","link":"https:\/\/lyceedechamalieres.fr\/?p=13013","title":{"rendered":"Prix acad\u00e9mique de la webradio lyc\u00e9enne"},"content":{"rendered":"<p><img loading=\"lazy\" decoding=\"async\" class=\"alignleft size-thumbnail wp-image-13015\" src=\"http:\/\/www.lyceedechamalieres.fr\/wp-content\/uploads\/2023\/04\/Mediatiks-logo-2023-300x233-1-150x150.jpg\" alt=\"\" width=\"150\" height=\"150\" \/>Le lyc\u00e9e remporte le premier prix acad\u00e9mique de la webradio lyc\u00e9enne dans le cadre du concours m\u00e9diatiks 2023 !<br \/>\nLe jury du concours M\u00e9diatiks compos\u00e9 de professionnels des m\u00e9dias, de membres du CLEMI et de l\u2019\u00e9ducation nationale s\u2019est r\u00e9uni mardi 25 avril en fin de matin\u00e9e.<\/p>\n<p>Apr\u00e8s de nombreux et riches \u00e9changes sur de belles productions, retrouvez sur ce lien les laur\u00e9ats acad\u00e9miques de l\u2019\u00e9dition 2023 !<br \/>\n<a href=\"https:\/\/pedagogie.ac-clermont.fr\/emi\/2023\/04\/27\/palmares-academique-concours-mediatiks-2023\/\" target=\"_blank\" rel=\"noopener\">https:\/\/pedagogie.ac-clermont.fr\/emi\/2023\/04\/27\/palmares-academique-concours-mediatiks-2023\/<\/a><\/p>\n<p><a href=\"http:\/\/www.lyceedechamalieres.fr\/wp-content\/uploads\/2023\/04\/collage-6.jpg\"><img loading=\"lazy\" decoding=\"async\" class=\"alignnone size-large wp-image-13014\" src=\"http:\/\/www.lyceedechamalieres.fr\/wp-content\/uploads\/2023\/04\/collage-6-1024x683.jpg\" alt=\"\" width=\"860\" height=\"574\" srcset=\"https:\/\/lyceedechamalieres.fr\/wp-content\/uploads\/2023\/04\/collage-6-1024x683.jpg 1024w, https:\/\/lyceedechamalieres.fr\/wp-content\/uploads\/2023\/04\/collage-6-300x200.jpg 300w, https:\/\/lyceedechamalieres.fr\/wp-content\/uploads\/2023\/04\/collage-6-768x512.jpg 768w, https:\/\/lyceedechamalieres.fr\/wp-content\/uploads\/2023\/04\/collage-6.jpg 1200w\" sizes=\"auto, (max-width: 860px) 100vw, 860px\" \/><\/a><\/p>\n<p>Lien de la webradio : <a href=\"https:\/\/mediascol.ac-clermont.fr\/lycee-polyvalent-chamalieres\/\" target=\"_blank\" rel=\"noopener\">https:\/\/mediascol.ac-clermont.fr\/lycee-polyvalent-chamalieres\/<\/a><\/p>\n","protected":false},"excerpt":{"rendered":"<p>Le lyc\u00e9e remporte le premier prix acad\u00e9mique de la webradio lyc\u00e9enne dans le cadre du concours m\u00e9diatiks 2023 ! Le jury du concours M\u00e9diatiks compos\u00e9 [&#8230;]<\/p>\n","protected":false},"author":1,"featured_media":0,"comment_status":"closed","ping_status":"closed","sticky":false,"template":"","format":"standard","meta":{"footnotes":""},"categories":[7],"tags":[88],"class_list":["post-13013","post","type-post","status-publish","format-standard","hentry","category-actualites","tag-actualites"],"_links":{"self":[{"href":"https:\/\/lyceedechamalieres.fr\/index.php?rest_route=\/wp\/v2\/posts\/13013","targetHints":{"allow":["GET"]}}],"collection":[{"href":"https:\/\/lyceedechamalieres.fr\/index.php?rest_route=\/wp\/v2\/posts"}],"about":[{"href":"https:\/\/lyceedechamalieres.fr\/index.php?rest_route=\/wp\/v2\/types\/post"}],"author":[{"embeddable":true,"href":"https:\/\/lyceedechamalieres.fr\/index.php?rest_route=\/wp\/v2\/users\/1"}],"replies":[{"embeddable":true,"href":"https:\/\/lyceedechamalieres.fr\/index.php?rest_route=%2Fwp%2Fv2%2Fcomments&post=13013"}],"version-history":[{"count":1,"href":"https:\/\/lyceedechamalieres.fr\/index.php?rest_route=\/wp\/v2\/posts\/13013\/revisions"}],"predecessor-version":[{"id":13016,"href":"https:\/\/lyceedechamalieres.fr\/index.php?rest_route=\/wp\/v2\/posts\/13013\/revisions\/13016"}],"wp:attachment":[{"href":"https:\/\/lyceedechamalieres.fr\/index.php?rest_route=%2Fwp%2Fv2%2Fmedia&parent=13013"}],"wp:term":[{"taxonomy":"category","embeddable":true,"href":"https:\/\/lyceedechamalieres.fr\/index.php?rest_route=%2Fwp%2Fv2%2Fcategories&post=13013"},{"taxonomy":"post_tag","embeddable":true,"href":"https:\/\/lyceedechamalieres.fr\/index.php?rest_route=%2Fwp%2Fv2%2Ftags&post=13013"}],"curies":[{"name":"wp","href":"https:\/\/api.w.org\/{rel}","templated":true}]}}