{"id":13551,"date":"2024-01-24T08:32:13","date_gmt":"2024-01-24T07:32:13","guid":{"rendered":"http:\/\/www.lyceedechamalieres.fr\/?p=13551"},"modified":"2024-01-24T08:33:46","modified_gmt":"2024-01-24T07:33:46","slug":"une-specialisation-accueil-reception-mieux-expliquee-presse","status":"publish","type":"post","link":"https:\/\/lyceedechamalieres.fr\/?p=13551","title":{"rendered":"Une sp\u00e9cialisation Accueil-R\u00e9ception mieux expliqu\u00e9e [Presse]"},"content":{"rendered":"<p><img loading=\"lazy\" decoding=\"async\" class=\"alignleft size-thumbnail wp-image-13553\" src=\"http:\/\/www.lyceedechamalieres.fr\/wp-content\/uploads\/2024\/01\/mcar-150x150.jpg\" alt=\"\" width=\"150\" height=\"150\" \/>Clermont-Ferrand &#8211; Lyc\u00e9e Am\u00e9d\u00e9e Gasquet. Le certificat de sp\u00e9cialisation (Mention Compl\u00e9mentaire) accueil-r\u00e9ception du lyc\u00e9e Val\u00e9ry-Giscard-d\u2019Estaing de Chamali\u00e8res a \u00e9t\u00e9 pr\u00e9sent\u00e9 par son responsable aux \u00e9l\u00e8ves de Terminale M\u00e9tiers de l\u2019accueil du lyc\u00e9e Am\u00e9d\u00e9e-Gasquet.<\/p>\n<p>En effet, cette formation s&rsquo;adresse \u00e0 tous les titulaires du bac, et particuli\u00e8rement \u00e0 ceux du Bac m\u00e9tiers de l&rsquo;accueil.<\/p>\n<p>Un travail a \u00e9t\u00e9 men\u00e9 durant cette pr\u00e9sentation par les enseignantes, Mme Baillet et Brohan, afin d\u2019accompagner au mieux les \u00e9l\u00e8ves qui vont souhaiter candidater (via Parcoursup) pour ce Certificat.<\/p>\n<p><a href=\"http:\/\/www.lyceedechamalieres.fr\/wp-content\/uploads\/2024\/01\/collage-1.jpg\"><img loading=\"lazy\" decoding=\"async\" class=\"alignnone size-large wp-image-13552\" src=\"http:\/\/www.lyceedechamalieres.fr\/wp-content\/uploads\/2024\/01\/collage-1-1024x683.jpg\" alt=\"\" width=\"860\" height=\"574\" srcset=\"https:\/\/lyceedechamalieres.fr\/wp-content\/uploads\/2024\/01\/collage-1-1024x683.jpg 1024w, https:\/\/lyceedechamalieres.fr\/wp-content\/uploads\/2024\/01\/collage-1-300x200.jpg 300w, https:\/\/lyceedechamalieres.fr\/wp-content\/uploads\/2024\/01\/collage-1-768x512.jpg 768w, https:\/\/lyceedechamalieres.fr\/wp-content\/uploads\/2024\/01\/collage-1.jpg 1200w\" sizes=\"auto, (max-width: 860px) 100vw, 860px\" \/><\/a><br \/>\nVoir l&rsquo;article sur ce lien : <a href=\"https:\/\/www.lamontagne.fr\/clermont-ferrand-63000\/actualites\/une-specialisation-mieux-expliquee_14439880\/\" target=\"_blank\" rel=\"noopener\">https:\/\/www.lamontagne.fr\/clermont-ferrand-63000\/actualites\/une-specialisation-mieux-expliquee_14439880\/<\/a><\/p>\n<p>Voir la page d\u00e9di\u00e9e \u00e0 cette formation au lyc\u00e9e : <a href=\"http:\/\/www.lyceedechamalieres.fr\/?page_id=112\">http:\/\/www.lyceedechamalieres.fr\/?page_id=112<\/a><\/p>\n<p>&nbsp;<\/p>\n","protected":false},"excerpt":{"rendered":"<p>Clermont-Ferrand &#8211; Lyc\u00e9e Am\u00e9d\u00e9e Gasquet. Le certificat de sp\u00e9cialisation (Mention Compl\u00e9mentaire) accueil-r\u00e9ception du lyc\u00e9e Val\u00e9ry-Giscard-d\u2019Estaing de Chamali\u00e8res a \u00e9t\u00e9 pr\u00e9sent\u00e9 par son responsable aux \u00e9l\u00e8ves [&#8230;]<\/p>\n","protected":false},"author":1,"featured_media":0,"comment_status":"closed","ping_status":"closed","sticky":false,"template":"","format":"standard","meta":{"footnotes":""},"categories":[16],"tags":[88],"class_list":["post-13551","post","type-post","status-publish","format-standard","hentry","category-hotellerie","tag-actualites"],"_links":{"self":[{"href":"https:\/\/lyceedechamalieres.fr\/index.php?rest_route=\/wp\/v2\/posts\/13551","targetHints":{"allow":["GET"]}}],"collection":[{"href":"https:\/\/lyceedechamalieres.fr\/index.php?rest_route=\/wp\/v2\/posts"}],"about":[{"href":"https:\/\/lyceedechamalieres.fr\/index.php?rest_route=\/wp\/v2\/types\/post"}],"author":[{"embeddable":true,"href":"https:\/\/lyceedechamalieres.fr\/index.php?rest_route=\/wp\/v2\/users\/1"}],"replies":[{"embeddable":true,"href":"https:\/\/lyceedechamalieres.fr\/index.php?rest_route=%2Fwp%2Fv2%2Fcomments&post=13551"}],"version-history":[{"count":4,"href":"https:\/\/lyceedechamalieres.fr\/index.php?rest_route=\/wp\/v2\/posts\/13551\/revisions"}],"predecessor-version":[{"id":13557,"href":"https:\/\/lyceedechamalieres.fr\/index.php?rest_route=\/wp\/v2\/posts\/13551\/revisions\/13557"}],"wp:attachment":[{"href":"https:\/\/lyceedechamalieres.fr\/index.php?rest_route=%2Fwp%2Fv2%2Fmedia&parent=13551"}],"wp:term":[{"taxonomy":"category","embeddable":true,"href":"https:\/\/lyceedechamalieres.fr\/index.php?rest_route=%2Fwp%2Fv2%2Fcategories&post=13551"},{"taxonomy":"post_tag","embeddable":true,"href":"https:\/\/lyceedechamalieres.fr\/index.php?rest_route=%2Fwp%2Fv2%2Ftags&post=13551"}],"curies":[{"name":"wp","href":"https:\/\/api.w.org\/{rel}","templated":true}]}}