{"id":13562,"date":"2024-02-01T16:00:38","date_gmt":"2024-02-01T15:00:38","guid":{"rendered":"http:\/\/www.lyceedechamalieres.fr\/?p=13562"},"modified":"2024-02-01T16:00:38","modified_gmt":"2024-02-01T15:00:38","slug":"xynthia-lodyssee-de-leau","status":"publish","type":"post","link":"https:\/\/lyceedechamalieres.fr\/?p=13562","title":{"rendered":"Xynthia, l\u2019odyss\u00e9e de l\u2019eau"},"content":{"rendered":"<p><img loading=\"lazy\" decoding=\"async\" class=\"alignleft size-thumbnail wp-image-13563\" src=\"http:\/\/www.lyceedechamalieres.fr\/wp-content\/uploads\/2024\/02\/Capture-decran-2024-02-01-151918-150x150.png\" alt=\"\" width=\"150\" height=\"150\" \/>Les \u00e9l\u00e8ves de terminale bac pro ont d\u00e9couvert cet op\u00e9ra dans le cadre de leurs prochaines \u00e9valuations en arts appliqu\u00e9s. En effet, il s\u2019agissait pour eux de s\u2019inspirer du terrain, de la r\u00e9alit\u00e9 d\u2019un espace th\u00e9\u00e2tral avec un orchestre et des effets visuels afin de cr\u00e9er \u00e0 leur tour un spot vid\u00e9o \u00e9cologique. Quoi de mieux que de vivre et ressentir un spectacle de grande qualit\u00e9 afin \u00e0 leur tour \u00e0 leur niveau de composer avec leur esprit critique une vid\u00e9o dans la ma\u00eetrise des TIC.<\/p>\n<p>Merci aux artistes, \u00e0 nos partenaires culturels et nos accompagnateurs Mme Dutto professeur de service pour le club musique, Mme Ercolani r\u00e9f\u00e9rente culturelle, Mme Marie-Anne Grau professeur d\u2019espagnol, M. Camilong professeur de fran\u00e7ais et histoire g\u00e9ographie.<\/p>\n<p>Xynthia, l\u2019odyss\u00e9e de l\u2019eau, est un op\u00e9ra \u00e9cologique, librement inspir\u00e9 du texte d\u2019Ibsen, Un ennemi du peuple, pi\u00e8ce avant-gardiste \u00e9crite en 1883. Dans ce br\u00fblot visionnaire, un m\u00e9decin d\u00e9nonce la contamination des eaux de sa ville. S\u2019il parle publiquement, la station thermale sera ruin\u00e9e. De chantages en pressions, de complots en mises au ban, l\u2019homme devient l\u2019ennemi \u00e0 abattre de la collectivit\u00e9. On est \u00e9videmment saisi par la modernit\u00e9 du propos d\u2019Ibsen et sa prescience des probl\u00e8mes \u00e9cologiques. Alors que l\u2019urgence climatique est aujourd\u2019hui au c\u0153ur du d\u00e9bat politique, le Collectif Io s\u2019empare de ce sujet sensible, sous la forme d\u2019une cr\u00e9ation aux multiples \u00e9chos. L\u2019art lyrique y c\u00f4toie la danse et le th\u00e9\u00e2tre, dans une forme d\u2019art total.<\/p>\n<p><a href=\"http:\/\/www.lyceedechamalieres.fr\/wp-content\/uploads\/2024\/02\/collage.jpg\"><img loading=\"lazy\" decoding=\"async\" class=\"alignnone size-large wp-image-13564\" src=\"http:\/\/www.lyceedechamalieres.fr\/wp-content\/uploads\/2024\/02\/collage-1024x683.jpg\" alt=\"\" width=\"860\" height=\"574\" srcset=\"https:\/\/lyceedechamalieres.fr\/wp-content\/uploads\/2024\/02\/collage-1024x683.jpg 1024w, https:\/\/lyceedechamalieres.fr\/wp-content\/uploads\/2024\/02\/collage-300x200.jpg 300w, https:\/\/lyceedechamalieres.fr\/wp-content\/uploads\/2024\/02\/collage-768x512.jpg 768w, https:\/\/lyceedechamalieres.fr\/wp-content\/uploads\/2024\/02\/collage.jpg 1200w\" sizes=\"auto, (max-width: 860px) 100vw, 860px\" \/><\/a><\/p>\n<p>\u00c0 la crois\u00e9e des langages, Xynthia d\u00e9roule une histoire sur l\u2019eau, le Cosmos et nous. Son titre fait directement r\u00e9f\u00e9rence \u00e0 la d\u00e9esse de la nature sauvage dans la mythologie grecque, mais aussi \u00e0 la temp\u00eate ayant frapp\u00e9 plusieurs pays en 2010. La dramaturgie entrelace ainsi l\u2019adaptation de la pi\u00e8ce d\u2019Ibsen \u00e0 une odyss\u00e9e de l\u2019eau depuis ses origines cosmiques et un r\u00e9cit fragmentaire de la catastrophe cons\u00e9cutive \u00e0 la temp\u00eate Xynthia. La mise en sc\u00e8ne de Mika\u00ebl Serre et les performances de ses onze interpr\u00e8tes en font un op\u00e9ra engag\u00e9, aussi percutant que po\u00e9tique. L\u2019\u00e9co-responsabilit\u00e9 est au centre de la conception de cet op\u00e9ra : nombre de personnes au plateau et en tourn\u00e9e, sc\u00e9nographie durable, textiles de seconde main, colorants naturels pour les costumes, \u00e9nergies utilis\u00e9es\u2026<\/p>\n<p>Marl\u00e8ne Chorlet-Chamard professeur en arts appliqu\u00e9s, design et cultures artistiques.<\/p>\n","protected":false},"excerpt":{"rendered":"<p>Les \u00e9l\u00e8ves de terminale bac pro ont d\u00e9couvert cet op\u00e9ra dans le cadre de leurs prochaines \u00e9valuations en arts appliqu\u00e9s. En effet, il s\u2019agissait pour [&#8230;]<\/p>\n","protected":false},"author":1,"featured_media":0,"comment_status":"closed","ping_status":"closed","sticky":false,"template":"","format":"standard","meta":{"footnotes":""},"categories":[9],"tags":[26,35,41],"class_list":["post-13562","post","type-post","status-publish","format-standard","hentry","category-arts-plastiques","tag-art","tag-bac-pro","tag-rencontre"],"_links":{"self":[{"href":"https:\/\/lyceedechamalieres.fr\/index.php?rest_route=\/wp\/v2\/posts\/13562","targetHints":{"allow":["GET"]}}],"collection":[{"href":"https:\/\/lyceedechamalieres.fr\/index.php?rest_route=\/wp\/v2\/posts"}],"about":[{"href":"https:\/\/lyceedechamalieres.fr\/index.php?rest_route=\/wp\/v2\/types\/post"}],"author":[{"embeddable":true,"href":"https:\/\/lyceedechamalieres.fr\/index.php?rest_route=\/wp\/v2\/users\/1"}],"replies":[{"embeddable":true,"href":"https:\/\/lyceedechamalieres.fr\/index.php?rest_route=%2Fwp%2Fv2%2Fcomments&post=13562"}],"version-history":[{"count":1,"href":"https:\/\/lyceedechamalieres.fr\/index.php?rest_route=\/wp\/v2\/posts\/13562\/revisions"}],"predecessor-version":[{"id":13565,"href":"https:\/\/lyceedechamalieres.fr\/index.php?rest_route=\/wp\/v2\/posts\/13562\/revisions\/13565"}],"wp:attachment":[{"href":"https:\/\/lyceedechamalieres.fr\/index.php?rest_route=%2Fwp%2Fv2%2Fmedia&parent=13562"}],"wp:term":[{"taxonomy":"category","embeddable":true,"href":"https:\/\/lyceedechamalieres.fr\/index.php?rest_route=%2Fwp%2Fv2%2Fcategories&post=13562"},{"taxonomy":"post_tag","embeddable":true,"href":"https:\/\/lyceedechamalieres.fr\/index.php?rest_route=%2Fwp%2Fv2%2Ftags&post=13562"}],"curies":[{"name":"wp","href":"https:\/\/api.w.org\/{rel}","templated":true}]}}