{"id":13657,"date":"2024-03-07T15:02:17","date_gmt":"2024-03-07T14:02:17","guid":{"rendered":"http:\/\/www.lyceedechamalieres.fr\/?p=13657"},"modified":"2024-03-07T15:02:17","modified_gmt":"2024-03-07T14:02:17","slug":"a-la-rencontre-des-sources-du-droit","status":"publish","type":"post","link":"https:\/\/lyceedechamalieres.fr\/?p=13657","title":{"rendered":"A la rencontre des \u00ab\u00a0sources du droit\u00a0\u00bb"},"content":{"rendered":"<p><img loading=\"lazy\" decoding=\"async\" class=\"alignleft size-thumbnail wp-image-13658\" src=\"http:\/\/www.lyceedechamalieres.fr\/wp-content\/uploads\/2024\/03\/thumbnail-150x150.jpg\" alt=\"\" width=\"150\" height=\"150\" \/>Les 13 et 14 f\u00e9vrier dernier, les \u00e9l\u00e8ves de l&rsquo;option \u00ab\u00a0droit et grands enjeux du monde contemporain\u00a0\u00bb se sont rendus \u00e0 Paris, accompagn\u00e9s de leurs professeures Florence Dubosclard et Lisa Becker.<\/p>\n<p>Lundi apr\u00e8s midi, au M\u00e9morial de la Shoah, ils ont pu participer \u00e0 un atelier \u00ab\u00a0Juger les g\u00e9nocides\u00a0\u00bb. Mardi matin, apr\u00e8s une balade patrimoniale dans Paris, ils ont eu la chance de visiter le Conseil constitutionnel. Enfin, la s\u00e9natrice du Puy-de-D\u00f4me, Marion Canales les a accueillis au S\u00e9nat, ou ils ont pu assister \u00e0 l&rsquo;hommage de Robert Badinter.<\/p>\n<p>Un beau voyage \u00e0 la rencontre des \u00ab\u00a0sources du droit\u00a0\u00bb !<\/p>\n<p><a href=\"http:\/\/www.lyceedechamalieres.fr\/wp-content\/uploads\/2024\/03\/collage-1.jpg\"><img loading=\"lazy\" decoding=\"async\" class=\"alignnone size-large wp-image-13659\" src=\"http:\/\/www.lyceedechamalieres.fr\/wp-content\/uploads\/2024\/03\/collage-1-1024x683.jpg\" alt=\"\" width=\"860\" height=\"574\" srcset=\"https:\/\/lyceedechamalieres.fr\/wp-content\/uploads\/2024\/03\/collage-1-1024x683.jpg 1024w, https:\/\/lyceedechamalieres.fr\/wp-content\/uploads\/2024\/03\/collage-1-300x200.jpg 300w, https:\/\/lyceedechamalieres.fr\/wp-content\/uploads\/2024\/03\/collage-1-768x512.jpg 768w, https:\/\/lyceedechamalieres.fr\/wp-content\/uploads\/2024\/03\/collage-1.jpg 1200w\" sizes=\"auto, (max-width: 860px) 100vw, 860px\" \/><\/a><\/p>\n","protected":false},"excerpt":{"rendered":"<p>Les 13 et 14 f\u00e9vrier dernier, les \u00e9l\u00e8ves de l&rsquo;option \u00ab\u00a0droit et grands enjeux du monde contemporain\u00a0\u00bb se sont rendus \u00e0 Paris, accompagn\u00e9s de leurs [&#8230;]<\/p>\n","protected":false},"author":1,"featured_media":0,"comment_status":"closed","ping_status":"closed","sticky":false,"template":"","format":"standard","meta":{"footnotes":""},"categories":[7,18],"tags":[88,41],"class_list":["post-13657","post","type-post","status-publish","format-standard","hentry","category-actualites","category-filieres-generales","tag-actualites","tag-rencontre"],"_links":{"self":[{"href":"https:\/\/lyceedechamalieres.fr\/index.php?rest_route=\/wp\/v2\/posts\/13657","targetHints":{"allow":["GET"]}}],"collection":[{"href":"https:\/\/lyceedechamalieres.fr\/index.php?rest_route=\/wp\/v2\/posts"}],"about":[{"href":"https:\/\/lyceedechamalieres.fr\/index.php?rest_route=\/wp\/v2\/types\/post"}],"author":[{"embeddable":true,"href":"https:\/\/lyceedechamalieres.fr\/index.php?rest_route=\/wp\/v2\/users\/1"}],"replies":[{"embeddable":true,"href":"https:\/\/lyceedechamalieres.fr\/index.php?rest_route=%2Fwp%2Fv2%2Fcomments&post=13657"}],"version-history":[{"count":1,"href":"https:\/\/lyceedechamalieres.fr\/index.php?rest_route=\/wp\/v2\/posts\/13657\/revisions"}],"predecessor-version":[{"id":13660,"href":"https:\/\/lyceedechamalieres.fr\/index.php?rest_route=\/wp\/v2\/posts\/13657\/revisions\/13660"}],"wp:attachment":[{"href":"https:\/\/lyceedechamalieres.fr\/index.php?rest_route=%2Fwp%2Fv2%2Fmedia&parent=13657"}],"wp:term":[{"taxonomy":"category","embeddable":true,"href":"https:\/\/lyceedechamalieres.fr\/index.php?rest_route=%2Fwp%2Fv2%2Fcategories&post=13657"},{"taxonomy":"post_tag","embeddable":true,"href":"https:\/\/lyceedechamalieres.fr\/index.php?rest_route=%2Fwp%2Fv2%2Ftags&post=13657"}],"curies":[{"name":"wp","href":"https:\/\/api.w.org\/{rel}","templated":true}]}}