{"id":1447,"date":"2011-10-24T08:42:24","date_gmt":"2011-10-24T06:42:24","guid":{"rendered":"http:\/\/www.lyceedechamalieres.fr\/?p=1447"},"modified":"2011-10-25T08:54:34","modified_gmt":"2011-10-25T06:54:34","slug":"cuisine-detoile-au-lycee-avec-cyrille-zen","status":"publish","type":"post","link":"https:\/\/lyceedechamalieres.fr\/?p=1447","title":{"rendered":"Cuisine d&rsquo;\u00e9toil\u00e9 au lyc\u00e9e avec Cyrille Zen"},"content":{"rendered":"<p><a href=\"http:\/\/www.lyceedechamalieres.fr\/wp-content\/uploads\/2011\/10\/011.jpg\"><img loading=\"lazy\" decoding=\"async\" class=\"alignnone size-full wp-image-1448\" title=\"01\" src=\"http:\/\/www.lyceedechamalieres.fr\/wp-content\/uploads\/2011\/10\/011.jpg\" alt=\"\" width=\"680\" height=\"101\" srcset=\"https:\/\/lyceedechamalieres.fr\/wp-content\/uploads\/2011\/10\/011.jpg 680w, https:\/\/lyceedechamalieres.fr\/wp-content\/uploads\/2011\/10\/011-300x44.jpg 300w\" sizes=\"auto, (max-width: 680px) 100vw, 680px\" \/><\/a><br \/>\n<em>Voici l&rsquo;article de Pierre Boyer, paru dans la Montagne du dimanche 23 octobre 2011 \u00e0 la suite de la soir\u00e9e gastronomique du 18 octobre dernier au Lyc\u00e9e :<\/em><br \/>\nCyrille Zen, chef \u00e9toil\u00e9 mill\u00e9sime 2011 \u00e0 Sarpoil pr\u00e8s d&rsquo;Issoire dans le Puy-de-D\u00f4me, n&rsquo;h\u00e9site pas \u00e0 retrouver l&rsquo;ambiance studieuse de l&rsquo;\u00e9cole. Il est venu se m\u00ealer aux \u00e9l\u00e8ves du lyc\u00e9e de Chamali\u00e8res pour les pousser \u00e0 pr\u00e9parer un repas digne de sa maison. \u00a0\u00bb Pour moi, c&rsquo;est int\u00e9ressant de me confronter au milieu scolaire et aux \u00e9l\u00e8ves. Je le fais tous les deux ans environ. Je constate qu&rsquo;il faut \u00eatre organis\u00e9 et tr\u00e8s directif. Les jeunes ont besoin d&rsquo;\u00eatre guid\u00e9s.\u00a0\u00bb<!--more--><\/p>\n<p><a href=\"http:\/\/www.lyceedechamalieres.fr\/wp-content\/uploads\/2011\/10\/03.jpg\"><img loading=\"lazy\" decoding=\"async\" class=\"alignleft size-full wp-image-1449\" title=\"03\" src=\"http:\/\/www.lyceedechamalieres.fr\/wp-content\/uploads\/2011\/10\/03.jpg\" alt=\"\" width=\"300\" height=\"237\" \/><\/a>\u00ab\u00a0Cyrille Zen a repris l&rsquo;esprit et les id\u00e9es de sa carte \u00a0\u00bb explique Gr\u00e9goire Chevrette, chef de partie \u00e0 la Bergerie de Sarpoil, venu apport\u00e9 son concours \u00e0 la soir\u00e9e. \u00ab\u00a0Il \u00e9tait parmi mes premiers \u00e9l\u00e8ves quand j&rsquo;ai d\u00e9but\u00e9 \u00e0 Saint-Ch\u00e9ly-d&rsquo;Apcher, se souvient Jo\u00ebl Ruth, prof maintenant \u00e0 Chamali\u00e8res. C&rsquo;est quelqu&rsquo;un de tr\u00e8s gentil, tr\u00e8s discret. Il ose \u00e0 peine me tutoyer\u00a0\u00bb.<\/p>\n<p>Une vingtaine d&rsquo;\u00e9l\u00e8ves, futurs chefs, s&rsquo;agite dans les cuisines. Ils pr\u00e9parent un menu en six services pour plus de 130 convives accueillis et dorlot\u00e9s par une autre vingtaine de lyc\u00e9ens, tous des terminal bac pro. Le th\u00e8me de la soir\u00e9e reste l&rsquo;automne et la chasse. Alors les serveurs sont en treillis et rangers.<\/p>\n<p>Travailler comme pour un \u00e9toil\u00e9, \u00ab\u00a0cela nous change et c&rsquo;est int\u00e9ressant\u00a0\u00bb raconte un \u00e9l\u00e8ve. \u00ab\u00a0Nous avons eu une r\u00e9union dans la semaine pour comprendre sa cuisine et organiser le repas\u00a0\u00bb ajoute un autre. D&rsquo;autant que Cyrille Zen, souffrant, s&rsquo;\u00e9clipse, laissant instructions, consignes et toute la structure de la soir\u00e9e au profs et \u00e0 Yoann Villard son ma\u00eetre d&rsquo;h\u00f4tel. \u00ab\u00a0Nous retrouvons de nos clients qui profitent de cette soir\u00e9e car la Bergerie est tr\u00e8s souvent complet\u00a0\u00bb.<\/p>\n<p><a href=\"http:\/\/www.lyceedechamalieres.fr\/wp-content\/uploads\/2011\/10\/04.jpg\"><img loading=\"lazy\" decoding=\"async\" class=\"alignright size-full wp-image-1451\" title=\"04\" src=\"http:\/\/www.lyceedechamalieres.fr\/wp-content\/uploads\/2011\/10\/04.jpg\" alt=\"\" width=\"300\" height=\"189\" \/><\/a>Ils ont pu profiter d&rsquo;une saint-jacques po\u00eal\u00e9e avec \u00e9mulsion de vanille, patate douce au lait de coco ; d&rsquo;un foie gras de canard confit, pomme granny, saucisse \u00e0 la ch\u00e2taigne; d&rsquo;un dos de cabillaud en cro\u00fbte d&rsquo;herbes, espuma d&rsquo;aligot, lait mousseux au jambon de pays; d&rsquo;un confit de li\u00e8vre \u00e0 la royale, pralin\u00e9 aux c\u00e8pes et cr\u00e9meux de potimarron; panacotta de gaperon et chutney de raisin et une sph\u00e8re en fusion mangue, passion et chocolat. C&rsquo;est bien typ\u00e9 \u00e9toil\u00e9 michelin et bien marqu\u00e9 \u00ab\u00a0chef passionn\u00e9\u00a0\u00bb.<\/p>\n<p>Source : <a href=\"http:&#47;&#47;&#x77;&#x77;&#119;&#46;&#x6c;&#x61;&#109;&#111;&#x6e;&#x74;&#97;&#103;&#x6e;&#x65;&#46;&#102;&#x72;&#x2f;&#101;&#100;&#x69;&#x74;&#105;&#111;&#x6e;&#x73;&#95;&#108;&#x6f;&#x63;&#97;&#108;&#x65;&#x73;&#47;&#99;&#x6c;&#x65;&#114;&#109;&#x6f;&#x6e;&#116;&#95;&#x66;&#x65;&#114;&#114;&#x61;&#x6e;&#100;&#47;&#x63;&#x75;&#105;&#115;&#x69;&#x6e;&#101;&#95;&#x64;&#x5f;&#101;&#116;&#x6f;&#x69;&#108;&#101;&#x5f;&#x61;&#117;&#95;&#x6c;&#x79;&#99;&#101;&#x65;&#x5f;&#97;&#118;&#x65;&#x63;&#95;&#99;&#x79;&#x72;&#105;&#108;&#x6c;&#x65;&#95;&#122;&#x65;&#x6e;&#64;&#67;&#x41;&#x52;&#71;&#78;&#x6a;&#x46;&#100;&#74;&#x53;&#x73;&#65;&#70;&#x78;&#x77;&#77;&#65;&#x68;&#x67;&#45;&#46;&#x68;&#x74;&#109;&#108;\" target=\"_blank\">La Montagne<\/a><\/p>\n","protected":false},"excerpt":{"rendered":"<p>Voici l&rsquo;article de Pierre Boyer, paru dans la Montagne du dimanche 23 octobre 2011 \u00e0 la suite de la soir\u00e9e gastronomique du 18 octobre dernier [&#8230;]<\/p>\n","protected":false},"author":1,"featured_media":0,"comment_status":"closed","ping_status":"open","sticky":false,"template":"","format":"standard","meta":{"footnotes":""},"categories":[7,16],"tags":[47,41],"class_list":["post-1447","post","type-post","status-publish","format-standard","hentry","category-actualites","category-hotellerie","tag-gastronomie","tag-rencontre"],"_links":{"self":[{"href":"https:\/\/lyceedechamalieres.fr\/index.php?rest_route=\/wp\/v2\/posts\/1447","targetHints":{"allow":["GET"]}}],"collection":[{"href":"https:\/\/lyceedechamalieres.fr\/index.php?rest_route=\/wp\/v2\/posts"}],"about":[{"href":"https:\/\/lyceedechamalieres.fr\/index.php?rest_route=\/wp\/v2\/types\/post"}],"author":[{"embeddable":true,"href":"https:\/\/lyceedechamalieres.fr\/index.php?rest_route=\/wp\/v2\/users\/1"}],"replies":[{"embeddable":true,"href":"https:\/\/lyceedechamalieres.fr\/index.php?rest_route=%2Fwp%2Fv2%2Fcomments&post=1447"}],"version-history":[{"count":6,"href":"https:\/\/lyceedechamalieres.fr\/index.php?rest_route=\/wp\/v2\/posts\/1447\/revisions"}],"predecessor-version":[{"id":1455,"href":"https:\/\/lyceedechamalieres.fr\/index.php?rest_route=\/wp\/v2\/posts\/1447\/revisions\/1455"}],"wp:attachment":[{"href":"https:\/\/lyceedechamalieres.fr\/index.php?rest_route=%2Fwp%2Fv2%2Fmedia&parent=1447"}],"wp:term":[{"taxonomy":"category","embeddable":true,"href":"https:\/\/lyceedechamalieres.fr\/index.php?rest_route=%2Fwp%2Fv2%2Fcategories&post=1447"},{"taxonomy":"post_tag","embeddable":true,"href":"https:\/\/lyceedechamalieres.fr\/index.php?rest_route=%2Fwp%2Fv2%2Ftags&post=1447"}],"curies":[{"name":"wp","href":"https:\/\/api.w.org\/{rel}","templated":true}]}}