{"id":14519,"date":"2025-05-19T09:55:42","date_gmt":"2025-05-19T07:55:42","guid":{"rendered":"https:\/\/lyceedechamalieres.fr\/?p=14519"},"modified":"2025-05-19T09:57:05","modified_gmt":"2025-05-19T07:57:05","slug":"conference-art-et-nazisme","status":"publish","type":"post","link":"https:\/\/lyceedechamalieres.fr\/?p=14519","title":{"rendered":"Conf\u00e9rence art et Nazisme"},"content":{"rendered":"<p><img loading=\"lazy\" decoding=\"async\" class=\"alignleft size-thumbnail wp-image-14520\" src=\"https:\/\/lyceedechamalieres.fr\/wp-content\/uploads\/2025\/05\/img-150x150.jpg\" alt=\"\" width=\"150\" height=\"150\" \/>Le mardi 6 mai 2025, le lyc\u00e9e a accueilli une conf\u00e9rence exceptionnelle anim\u00e9e par Thierry Feral, germaniste et sp\u00e9cialiste reconnu du nazisme. Cette intervention s\u2019inscrit suite \u00e0 un voyage en Allemagne des \u00e9l\u00e8ves de Terminale ayant pour th\u00e8me \u00ab <a href=\"https:\/\/lyceedechamalieres.fr\/?p=14436\">H\u00e9ritiers de la M\u00e9moire<\/a> \u00bb. Ce voyage, du foyer culturel humaniste allemand \u00e0 la d\u00e9shumanisation et \u00e0 l\u2019extermination orchestr\u00e9es par le r\u00e9gime nazi et ses cons\u00e9quences, avait conduit ces lyc\u00e9ens \u00e0 Weimar, au camp de concentration de Buchenwald et \u00e0 Dresde.<br \/>\nPour cette conf\u00e9rence, Thierry Feral aborde le th\u00e8me de l\u2019\u00ab art d\u00e9g\u00e9n\u00e9r\u00e9 \u00bb (entartete Kunst), une notion propag\u00e9e par le r\u00e9gime nazi pour d\u00e9signer et stigmatiser les \u0153uvres modernes jug\u00e9es contraires \u00e0 l\u2019id\u00e9ologie nazie. L\u2019exposition \u00e9ponyme, organis\u00e9e en 1937 \u00e0 Munich, visait \u00e0 d\u00e9nigrer les artistes tels que Kandinsky, Chagall, Dix, Picasso ou Grosz, en les pr\u00e9sentant comme des ennemis de la culture allemande.<br \/>\n\u00c0 travers cette conf\u00e9rence, les \u00e9l\u00e8ves furent invit\u00e9s \u00e0 r\u00e9fl\u00e9chir sur les m\u00e9canismes de censure, de propagande et de manipulation culturelle mis en place par le r\u00e9gime nazi pour imposer une vision uniforme de l\u2019art et de la culture. Ils peuvent \u00e9galement s\u2019interroger sur les cons\u00e9quences de telles pratiques sur la libert\u00e9 d\u2019expression artistique et sur la diversit\u00e9 culturelle.<br \/>\nThierry Feral a d\u00e9j\u00e0 anim\u00e9 plusieurs conf\u00e9rences au lyc\u00e9e sur des th\u00e8mes li\u00e9s au nazisme, tels que la r\u00e9sistance allemande ou l\u2019origine et l\u2019\u00e9volution du syst\u00e8me concentrationnaire nazi. Ses interventions ont suscit\u00e9 interrogations et r\u00e9flexion chez les \u00e9l\u00e8ves.<br \/>\nCette conf\u00e9rence s\u2019inscrit en effet dans une d\u00e9marche p\u00e9dagogique visant \u00e0 sensibiliser les jeunes g\u00e9n\u00e9rations aux dangers des id\u00e9ologies totalitaires et \u00e0 l\u2019importance de pr\u00e9server la libert\u00e9 d\u2019expression et la diversit\u00e9 culturelle.<br \/>\nPour ceux qui ne pouvaient assister \u00e0 la conf\u00e9rence en direct, un enregistrement sera mis \u00e0 disposition sur la Webradio du lyc\u00e9e.<br \/>\nCette initiative t\u00e9moigne de l\u2019engagement des professeurs du lyc\u00e9e dans la transmission de la m\u00e9moire historique et la promotion de la r\u00e9flexion critique chez les \u00e9l\u00e8ves. Cette conf\u00e9rence a \u00e9t\u00e9 organis\u00e9e par Agn\u00e8s Dupr\u00e9, professeur d\u2019Allemand, Rapha\u00ebl Fantin, professeur d\u2019Histoire-G\u00e9ographie-Education morale et civique et Christophe Guillemart, professeur d\u2019Arts plastiques et Claire Cordonnier, professeur de math\u00e9matiques.<\/p>\n<p><a href=\"https:\/\/lyceedechamalieres.fr\/wp-content\/uploads\/2025\/05\/collage-1.jpg\"><img loading=\"lazy\" decoding=\"async\" class=\"alignnone size-large wp-image-14521\" src=\"https:\/\/lyceedechamalieres.fr\/wp-content\/uploads\/2025\/05\/collage-1-1024x683.jpg\" alt=\"\" width=\"860\" height=\"574\" srcset=\"https:\/\/lyceedechamalieres.fr\/wp-content\/uploads\/2025\/05\/collage-1-1024x683.jpg 1024w, https:\/\/lyceedechamalieres.fr\/wp-content\/uploads\/2025\/05\/collage-1-300x200.jpg 300w, https:\/\/lyceedechamalieres.fr\/wp-content\/uploads\/2025\/05\/collage-1-768x512.jpg 768w, https:\/\/lyceedechamalieres.fr\/wp-content\/uploads\/2025\/05\/collage-1.jpg 1200w\" sizes=\"auto, (max-width: 860px) 100vw, 860px\" \/><\/a><\/p>\n","protected":false},"excerpt":{"rendered":"<p>Le mardi 6 mai 2025, le lyc\u00e9e a accueilli une conf\u00e9rence exceptionnelle anim\u00e9e par Thierry Feral, germaniste et sp\u00e9cialiste reconnu du nazisme. Cette intervention s\u2019inscrit [&#8230;]<\/p>\n","protected":false},"author":1,"featured_media":0,"comment_status":"closed","ping_status":"closed","sticky":false,"template":"","format":"standard","meta":{"footnotes":""},"categories":[7,9],"tags":[44,26,41],"class_list":["post-14519","post","type-post","status-publish","format-standard","hentry","category-actualites","category-arts-plastiques","tag-allemagne","tag-art","tag-rencontre"],"_links":{"self":[{"href":"https:\/\/lyceedechamalieres.fr\/index.php?rest_route=\/wp\/v2\/posts\/14519","targetHints":{"allow":["GET"]}}],"collection":[{"href":"https:\/\/lyceedechamalieres.fr\/index.php?rest_route=\/wp\/v2\/posts"}],"about":[{"href":"https:\/\/lyceedechamalieres.fr\/index.php?rest_route=\/wp\/v2\/types\/post"}],"author":[{"embeddable":true,"href":"https:\/\/lyceedechamalieres.fr\/index.php?rest_route=\/wp\/v2\/users\/1"}],"replies":[{"embeddable":true,"href":"https:\/\/lyceedechamalieres.fr\/index.php?rest_route=%2Fwp%2Fv2%2Fcomments&post=14519"}],"version-history":[{"count":3,"href":"https:\/\/lyceedechamalieres.fr\/index.php?rest_route=\/wp\/v2\/posts\/14519\/revisions"}],"predecessor-version":[{"id":14524,"href":"https:\/\/lyceedechamalieres.fr\/index.php?rest_route=\/wp\/v2\/posts\/14519\/revisions\/14524"}],"wp:attachment":[{"href":"https:\/\/lyceedechamalieres.fr\/index.php?rest_route=%2Fwp%2Fv2%2Fmedia&parent=14519"}],"wp:term":[{"taxonomy":"category","embeddable":true,"href":"https:\/\/lyceedechamalieres.fr\/index.php?rest_route=%2Fwp%2Fv2%2Fcategories&post=14519"},{"taxonomy":"post_tag","embeddable":true,"href":"https:\/\/lyceedechamalieres.fr\/index.php?rest_route=%2Fwp%2Fv2%2Ftags&post=14519"}],"curies":[{"name":"wp","href":"https:\/\/api.w.org\/{rel}","templated":true}]}}