{"id":14641,"date":"2025-06-30T16:55:02","date_gmt":"2025-06-30T14:55:02","guid":{"rendered":"https:\/\/lyceedechamalieres.fr\/?p=14641"},"modified":"2025-07-02T16:58:22","modified_gmt":"2025-07-02T14:58:22","slug":"des-dons-pour-les-mains-ouvertes-et-bouchons63","status":"publish","type":"post","link":"https:\/\/lyceedechamalieres.fr\/?p=14641","title":{"rendered":"Des dons pour les Mains Ouvertes et Bouchons63"},"content":{"rendered":"<p><img loading=\"lazy\" decoding=\"async\" class=\"alignleft size-thumbnail wp-image-14644\" src=\"https:\/\/lyceedechamalieres.fr\/wp-content\/uploads\/2025\/07\/bouchons63-150x150.jpg\" alt=\"\" width=\"150\" height=\"150\" \/>En cette fin d\u2019ann\u00e9e et suite aux op\u00e9rations \u00ab Seconde main \u00bb et \u00ab Troc No\u00ebl \u00bb organis\u00e9es au lyc\u00e9e o\u00f9 chacun \u00e9tait invit\u00e9 \u00e0 donner v\u00eatements, accessoires ou objets et \u00e0 en choisir d\u2019autres parmi les offres, les dons restants ont \u00e9t\u00e9 remis \u00e0 l\u2019association <a href=\"https:\/\/www.mains-ouvertes.com\/\" target=\"_blank\" rel=\"noopener\">les Mains Ouvertes<\/a> \u00e0 Gerzat.<br \/>\nThibault Bossaert \u00e9co-d\u00e9l\u00e9gu\u00e9 en seconde professionnelle, a pu interviewer son directeur Thibaut Thassou sur le fonctionnement et les missions du centre d\u2019accueil pour RadioCham\u2019 :<br \/>\n<a href=\"https:\/\/mediascol.ac-clermont.fr\/lycee-polyvalent-chamalieres\/2025\/06\/10\/entretien-avec-thibaut-thassou-directeur-des-mains-ouvertes-a-gerzat\/\" target=\"_blank\" rel=\"noopener\">https:\/\/mediascol.ac-clermont.fr\/lycee-polyvalent-chamalieres\/2025\/06\/10\/entretien-avec-thibaut-thassou-directeur-des-mains-ouvertes-a-gerzat\/<\/a><br \/>\nD\u2019autre part, les bouchons collect\u00e9s tout au long de l\u2019ann\u00e9e au lyc\u00e9e ont \u00e9t\u00e9 apport\u00e9s \u00e0 notre partenaire <a href=\"https:\/\/www.coeur2bouchons.fr\/departement-63\/\" target=\"_blank\" rel=\"noopener\">Bouchons63<\/a> qui collecte et recycle tous les bouchons (plastique et li\u00e8ge) et couvercles (plastique) pour aider les personnes en situation de handicap \u00e0 acqu\u00e9rir le mat\u00e9riel dont ils ont besoin.<\/p>\n<p><a href=\"https:\/\/lyceedechamalieres.fr\/wp-content\/uploads\/2025\/07\/collage.jpg\"><img loading=\"lazy\" decoding=\"async\" class=\"alignnone size-large wp-image-14643\" src=\"https:\/\/lyceedechamalieres.fr\/wp-content\/uploads\/2025\/07\/collage-1024x683.jpg\" alt=\"\" width=\"860\" height=\"574\" srcset=\"https:\/\/lyceedechamalieres.fr\/wp-content\/uploads\/2025\/07\/collage-1024x683.jpg 1024w, https:\/\/lyceedechamalieres.fr\/wp-content\/uploads\/2025\/07\/collage-300x200.jpg 300w, https:\/\/lyceedechamalieres.fr\/wp-content\/uploads\/2025\/07\/collage-768x512.jpg 768w, https:\/\/lyceedechamalieres.fr\/wp-content\/uploads\/2025\/07\/collage.jpg 1200w\" sizes=\"auto, (max-width: 860px) 100vw, 860px\" \/><\/a><br \/>\nRetrouvez toutes les chroniques de RadioCham\u2019 sur le d\u00e9veloppement durable :<br \/>\n<a href=\"https:\/\/mediascol.ac-clermont.fr\/lycee-polyvalent-chamalieres\/category\/developpement-durable\/\" target=\"_blank\" rel=\"noopener\">https:\/\/mediascol.ac-clermont.fr\/lycee-polyvalent-chamalieres\/category\/developpement-durable\/<\/a><\/p>\n","protected":false},"excerpt":{"rendered":"<p>En cette fin d\u2019ann\u00e9e et suite aux op\u00e9rations \u00ab Seconde main \u00bb et \u00ab Troc No\u00ebl \u00bb organis\u00e9es au lyc\u00e9e o\u00f9 chacun \u00e9tait invit\u00e9 \u00e0 [&#8230;]<\/p>\n","protected":false},"author":1,"featured_media":0,"comment_status":"closed","ping_status":"closed","sticky":false,"template":"","format":"standard","meta":{"footnotes":""},"categories":[7,1],"tags":[88],"class_list":["post-14641","post","type-post","status-publish","format-standard","hentry","category-actualites","category-lycee","tag-actualites"],"_links":{"self":[{"href":"https:\/\/lyceedechamalieres.fr\/index.php?rest_route=\/wp\/v2\/posts\/14641","targetHints":{"allow":["GET"]}}],"collection":[{"href":"https:\/\/lyceedechamalieres.fr\/index.php?rest_route=\/wp\/v2\/posts"}],"about":[{"href":"https:\/\/lyceedechamalieres.fr\/index.php?rest_route=\/wp\/v2\/types\/post"}],"author":[{"embeddable":true,"href":"https:\/\/lyceedechamalieres.fr\/index.php?rest_route=\/wp\/v2\/users\/1"}],"replies":[{"embeddable":true,"href":"https:\/\/lyceedechamalieres.fr\/index.php?rest_route=%2Fwp%2Fv2%2Fcomments&post=14641"}],"version-history":[{"count":2,"href":"https:\/\/lyceedechamalieres.fr\/index.php?rest_route=\/wp\/v2\/posts\/14641\/revisions"}],"predecessor-version":[{"id":14645,"href":"https:\/\/lyceedechamalieres.fr\/index.php?rest_route=\/wp\/v2\/posts\/14641\/revisions\/14645"}],"wp:attachment":[{"href":"https:\/\/lyceedechamalieres.fr\/index.php?rest_route=%2Fwp%2Fv2%2Fmedia&parent=14641"}],"wp:term":[{"taxonomy":"category","embeddable":true,"href":"https:\/\/lyceedechamalieres.fr\/index.php?rest_route=%2Fwp%2Fv2%2Fcategories&post=14641"},{"taxonomy":"post_tag","embeddable":true,"href":"https:\/\/lyceedechamalieres.fr\/index.php?rest_route=%2Fwp%2Fv2%2Ftags&post=14641"}],"curies":[{"name":"wp","href":"https:\/\/api.w.org\/{rel}","templated":true}]}}