{"id":14701,"date":"2025-09-27T10:50:23","date_gmt":"2025-09-27T08:50:23","guid":{"rendered":"https:\/\/lyceedechamalieres.fr\/?p=14701"},"modified":"2025-09-29T20:13:53","modified_gmt":"2025-09-29T18:13:53","slug":"71e-edition-du-concours-national-le-meilleur-apprenti-cuisinier-de-france","status":"publish","type":"post","link":"https:\/\/lyceedechamalieres.fr\/?p=14701","title":{"rendered":"71e \u00e9dition du Concours National \u201cLe Meilleur Apprenti Cuisinier de France\u201d"},"content":{"rendered":"<p><img loading=\"lazy\" decoding=\"async\" class=\"alignleft wp-image-14704\" src=\"https:\/\/lyceedechamalieres.fr\/wp-content\/uploads\/2025\/09\/assoc_245_AssociationDesMaitresCuisiniersDeFrance_1758794202-150x150.jpg\" alt=\"\" width=\"120\" height=\"120\" \/>L\u2019Association des Ma\u00eetres Cuisiniers de France organise la 71e \u00e9dition du Concours National \u201cLe Meilleur Apprenti Cuisinier de France\u201d.<br \/>\n<strong>La Finale Nationale aura lieu le lundi 12 janvier 2026 au Lyc\u00e9e Val\u00e9ry-Giscard-d\u2019Estaing de Chamali\u00e8res<\/strong>.<br \/>\nPr\u00e9sid\u00e9e par le chef <a href=\"https:\/\/tetedoie.fr\/le-chef\/\" target=\"_blank\" rel=\"noopener\">Christian T\u00eatedoie,<\/a> cette \u00e9dition a pour Marraine la cheffe <a href=\"https:\/\/fr.wikipedia.org\/wiki\/Virginie_Basselot\" target=\"_blank\" rel=\"noopener\">Virginie Basselot<\/a>. Le jury d&rsquo;exception, quant \u00e0 lui, r\u00e9unit des chefs renomm\u00e9s, Ma\u00eetres Cuisiniers de France.<br \/>\nDepuis sa cr\u00e9ation en 1955, le Concours du Meilleur Apprenti Cuisinier de France est bien plus qu\u2019une comp\u00e9tition : il est le reflet de la mission que portent les Ma\u00eetres Cuisiniers de France.<\/p>\n<p>Ce concours est une formidable \u00e9cole de vie : les candidats y apprennent \u00e0 se d\u00e9passer, \u00e0 affronter le regard d\u2019un jury d\u2019excellence et \u00e0 d\u00e9fendre, avec fiert\u00e9, la grande cuisine fran\u00e7aise.<\/p>\n<p><a href=\"https:\/\/lyceedechamalieres.fr\/wp-content\/uploads\/2025\/09\/collage-1.jpg\"><img loading=\"lazy\" decoding=\"async\" class=\"alignnone size-large wp-image-14702\" src=\"https:\/\/lyceedechamalieres.fr\/wp-content\/uploads\/2025\/09\/collage-1-1024x683.jpg\" alt=\"\" width=\"860\" height=\"574\" srcset=\"https:\/\/lyceedechamalieres.fr\/wp-content\/uploads\/2025\/09\/collage-1-1024x683.jpg 1024w, https:\/\/lyceedechamalieres.fr\/wp-content\/uploads\/2025\/09\/collage-1-300x200.jpg 300w, https:\/\/lyceedechamalieres.fr\/wp-content\/uploads\/2025\/09\/collage-1-768x512.jpg 768w, https:\/\/lyceedechamalieres.fr\/wp-content\/uploads\/2025\/09\/collage-1.jpg 1200w\" sizes=\"auto, (max-width: 860px) 100vw, 860px\" \/><\/a><\/p>\n<p><strong>Th\u00e8me des s\u00e9lections 2025 (dur\u00e9e : 4 h) :<\/strong><br \/>\nEntr\u00e9e : Sandre poch\u00e9 \u2013 sabl\u00e9 au thym \u2013 jeunes pousses d\u2019\u00e9pinards \u2013 sauce Paloise <em>(recette pour 6 personnes)<\/em><br \/>\nPlat : Canard de Barbarie en deux fa\u00e7ons : le supr\u00eame cuit sur coffre, les cuisses en pastilla \u2013 d\u00e9clinaison de panais <em>(recette pour 6 personnes)<\/em><br \/>\nDessert : Cr\u00e9met, tuile croustillante et supr\u00eames d\u2019orange aux jeunes pousses <em>(recette pour 6 personnes)<\/em><br \/>\n<strong><br \/>\nFinale nationale :<\/strong><br \/>\nLundi 12 janvier 2026 \u2014 Lyc\u00e9e Val\u00e9ry-Giscard-d\u2019Estaing, Chamali\u00e8res (63)<\/p>\n<p>En savoir plus sur l&rsquo;Association des Ma\u00eetres Cuisiniers de France :<br \/>\n<a href=\"https:\/\/maitrescuisiniersdefrance.com\/fr\/\" target=\"_blank\" rel=\"noopener\">https:\/\/maitrescuisiniersdefrance.com\/fr\/<\/a><br \/>\n<a href=\"https:\/\/maitrescuisiniersdefrance.com\/fr\/concours-meilleur-apprenti-cuisinier-2025\/\" target=\"_blank\" rel=\"noopener\">https:\/\/maitrescuisiniersdefrance.com\/fr\/concours-meilleur-apprenti-cuisinier-2025\/<\/a><\/p>\n","protected":false},"excerpt":{"rendered":"<p>L\u2019Association des Ma\u00eetres Cuisiniers de France organise la 71e \u00e9dition du Concours National \u201cLe Meilleur Apprenti Cuisinier de France\u201d. La Finale Nationale aura lieu le [&#8230;]<\/p>\n","protected":false},"author":1,"featured_media":0,"comment_status":"closed","ping_status":"closed","sticky":false,"template":"","format":"standard","meta":{"footnotes":""},"categories":[16],"tags":[34,47],"class_list":["post-14701","post","type-post","status-publish","format-standard","hentry","category-hotellerie","tag-concours","tag-gastronomie"],"_links":{"self":[{"href":"https:\/\/lyceedechamalieres.fr\/index.php?rest_route=\/wp\/v2\/posts\/14701","targetHints":{"allow":["GET"]}}],"collection":[{"href":"https:\/\/lyceedechamalieres.fr\/index.php?rest_route=\/wp\/v2\/posts"}],"about":[{"href":"https:\/\/lyceedechamalieres.fr\/index.php?rest_route=\/wp\/v2\/types\/post"}],"author":[{"embeddable":true,"href":"https:\/\/lyceedechamalieres.fr\/index.php?rest_route=\/wp\/v2\/users\/1"}],"replies":[{"embeddable":true,"href":"https:\/\/lyceedechamalieres.fr\/index.php?rest_route=%2Fwp%2Fv2%2Fcomments&post=14701"}],"version-history":[{"count":4,"href":"https:\/\/lyceedechamalieres.fr\/index.php?rest_route=\/wp\/v2\/posts\/14701\/revisions"}],"predecessor-version":[{"id":14707,"href":"https:\/\/lyceedechamalieres.fr\/index.php?rest_route=\/wp\/v2\/posts\/14701\/revisions\/14707"}],"wp:attachment":[{"href":"https:\/\/lyceedechamalieres.fr\/index.php?rest_route=%2Fwp%2Fv2%2Fmedia&parent=14701"}],"wp:term":[{"taxonomy":"category","embeddable":true,"href":"https:\/\/lyceedechamalieres.fr\/index.php?rest_route=%2Fwp%2Fv2%2Fcategories&post=14701"},{"taxonomy":"post_tag","embeddable":true,"href":"https:\/\/lyceedechamalieres.fr\/index.php?rest_route=%2Fwp%2Fv2%2Ftags&post=14701"}],"curies":[{"name":"wp","href":"https:\/\/api.w.org\/{rel}","templated":true}]}}