{"id":14837,"date":"2025-11-15T07:39:10","date_gmt":"2025-11-15T06:39:10","guid":{"rendered":"https:\/\/lyceedechamalieres.fr\/?p=14837"},"modified":"2025-11-15T07:39:10","modified_gmt":"2025-11-15T06:39:10","slug":"des-emissions-sur-le-droit-proposees-par-nos-lyceens","status":"publish","type":"post","link":"https:\/\/lyceedechamalieres.fr\/?p=14837","title":{"rendered":"Des \u00e9missions sur le droit propos\u00e9es par nos lyc\u00e9ens"},"content":{"rendered":"<p><img loading=\"lazy\" decoding=\"async\" class=\"alignleft size-thumbnail wp-image-14839\" src=\"https:\/\/lyceedechamalieres.fr\/wp-content\/uploads\/2025\/11\/OIP-1337471713-150x150.jpg\" alt=\"\" width=\"150\" height=\"150\" \/>Sur RadioCham\u2019, la webradio du lyc\u00e9e, une nouvelle rubrique propose des mini-\u00e9missions juridiques : libert\u00e9 de la presse, loi sur l\u2019\u00e9galit\u00e9 des droits et des chances, droit des malades, loi sur les violences familiales, divorce. \u00ab Le droit n\u2019est pas une option \u00bb permet de mieux comprendre nos droits en explorant les lois qui les r\u00e9gissent.<br \/>\nLes lyc\u00e9ens ont ainsi pu m\u00ealer \u00e9ducation aux m\u00e9dias et \u00e0 l\u2019information et apprentissages disciplinaires dans la r\u00e9alisation de ces formats radio.<br \/>\n\u00c0 d\u00e9couvrir sur ce lien : <a href=\"https:\/\/mediascol.ac-clermont.fr\/lycee-polyvalent-chamalieres\/category\/le-droit-nest-pas-une-option\/\" target=\"_blank\" rel=\"noopener\">Le droit n\u2019est pas une option<\/a><br \/>\nSans oublier les \u00e9missions sur Ma\u00ebl tous les jeudis qui revient sur l&rsquo;actualit\u00e9 sportive locale, nationale et internationale :<br \/>\n<a href=\"https:\/\/mediascol.ac-clermont.fr\/lycee-polyvalent-chamalieres\/category\/chamsports\/\" target=\"_blank\" rel=\"noopener\">https:\/\/mediascol.ac-clermont.fr\/lycee-polyvalent-chamalieres\/category\/chamsports\/<\/a><\/p>\n<p><a href=\"https:\/\/lyceedechamalieres.fr\/wp-content\/uploads\/2025\/11\/collage.jpg\"><img loading=\"lazy\" decoding=\"async\" class=\"alignnone size-large wp-image-14838\" src=\"https:\/\/lyceedechamalieres.fr\/wp-content\/uploads\/2025\/11\/collage-1024x683.jpg\" alt=\"\" width=\"860\" height=\"574\" srcset=\"https:\/\/lyceedechamalieres.fr\/wp-content\/uploads\/2025\/11\/collage-1024x683.jpg 1024w, https:\/\/lyceedechamalieres.fr\/wp-content\/uploads\/2025\/11\/collage-300x200.jpg 300w, https:\/\/lyceedechamalieres.fr\/wp-content\/uploads\/2025\/11\/collage-768x512.jpg 768w, https:\/\/lyceedechamalieres.fr\/wp-content\/uploads\/2025\/11\/collage.jpg 1200w\" sizes=\"auto, (max-width: 860px) 100vw, 860px\" \/><\/a><\/p>\n","protected":false},"excerpt":{"rendered":"<p>Sur RadioCham\u2019, la webradio du lyc\u00e9e, une nouvelle rubrique propose des mini-\u00e9missions juridiques : libert\u00e9 de la presse, loi sur l\u2019\u00e9galit\u00e9 des droits et des [&#8230;]<\/p>\n","protected":false},"author":1,"featured_media":0,"comment_status":"closed","ping_status":"closed","sticky":false,"template":"","format":"standard","meta":{"footnotes":""},"categories":[7],"tags":[88],"class_list":["post-14837","post","type-post","status-publish","format-standard","hentry","category-actualites","tag-actualites"],"_links":{"self":[{"href":"https:\/\/lyceedechamalieres.fr\/index.php?rest_route=\/wp\/v2\/posts\/14837","targetHints":{"allow":["GET"]}}],"collection":[{"href":"https:\/\/lyceedechamalieres.fr\/index.php?rest_route=\/wp\/v2\/posts"}],"about":[{"href":"https:\/\/lyceedechamalieres.fr\/index.php?rest_route=\/wp\/v2\/types\/post"}],"author":[{"embeddable":true,"href":"https:\/\/lyceedechamalieres.fr\/index.php?rest_route=\/wp\/v2\/users\/1"}],"replies":[{"embeddable":true,"href":"https:\/\/lyceedechamalieres.fr\/index.php?rest_route=%2Fwp%2Fv2%2Fcomments&post=14837"}],"version-history":[{"count":1,"href":"https:\/\/lyceedechamalieres.fr\/index.php?rest_route=\/wp\/v2\/posts\/14837\/revisions"}],"predecessor-version":[{"id":14840,"href":"https:\/\/lyceedechamalieres.fr\/index.php?rest_route=\/wp\/v2\/posts\/14837\/revisions\/14840"}],"wp:attachment":[{"href":"https:\/\/lyceedechamalieres.fr\/index.php?rest_route=%2Fwp%2Fv2%2Fmedia&parent=14837"}],"wp:term":[{"taxonomy":"category","embeddable":true,"href":"https:\/\/lyceedechamalieres.fr\/index.php?rest_route=%2Fwp%2Fv2%2Fcategories&post=14837"},{"taxonomy":"post_tag","embeddable":true,"href":"https:\/\/lyceedechamalieres.fr\/index.php?rest_route=%2Fwp%2Fv2%2Ftags&post=14837"}],"curies":[{"name":"wp","href":"https:\/\/api.w.org\/{rel}","templated":true}]}}