{"id":15224,"date":"2026-03-05T19:51:50","date_gmt":"2026-03-05T18:51:50","guid":{"rendered":"https:\/\/lyceedechamalieres.fr\/?p=15224"},"modified":"2026-03-05T19:51:50","modified_gmt":"2026-03-05T18:51:50","slug":"les-2nde-sthr2-a-la-comedie-de-clermont-ferrand","status":"publish","type":"post","link":"https:\/\/lyceedechamalieres.fr\/?p=15224","title":{"rendered":"Les 2nde STHR2 \u00e0 La Com\u00e9die de Clermont-Ferrand"},"content":{"rendered":"<p><img loading=\"lazy\" decoding=\"async\" class=\"alignleft size-thumbnail wp-image-15228\" src=\"https:\/\/lyceedechamalieres.fr\/wp-content\/uploads\/2026\/03\/photo-150x150.jpg\" alt=\"\" width=\"150\" height=\"150\" \/>Ce mercredi 25 f\u00e9vrier 2026, les \u00e9l\u00e8ves de seconde STHR2 ont troqu\u00e9 leurs uniformes de service et leurs couteaux de cuisine pour une immersion totale dans l&rsquo;univers onirique de Philippe Decoufl\u00e9, c\u00e9l\u00e8bre dans le monde entier pour avoir sign\u00e9 la mise en sc\u00e8ne des c\u00e9r\u00e9monies d\u2019ouverture et de cl\u00f4ture des JO d\u2019Albertville.<\/p>\n<p>\u00c0 l\u2019affiche de La Com\u00e9die de Clermont-Ferrand, le c\u00e9l\u00e8bre chor\u00e9graphe et sa Cie DCA, pr\u00e9sentaient sa derni\u00e8re cr\u00e9ation : Entre Temps.<\/p>\n<p>Une parenth\u00e8se enchant\u00e9e qui a permis \u00e0 nos futurs professionnels de l&rsquo;h\u00f4tellerie et de la restauration de nourrir leur sens de l&rsquo;esth\u00e9tique et de la mise en sc\u00e8ne.<\/p>\n<p><a href=\"https:\/\/lyceedechamalieres.fr\/wp-content\/uploads\/2026\/03\/collage.png\"><img loading=\"lazy\" decoding=\"async\" class=\"alignnone size-large wp-image-15225\" src=\"https:\/\/lyceedechamalieres.fr\/wp-content\/uploads\/2026\/03\/collage-1024x683.png\" alt=\"\" width=\"860\" height=\"574\" srcset=\"https:\/\/lyceedechamalieres.fr\/wp-content\/uploads\/2026\/03\/collage-1024x683.png 1024w, https:\/\/lyceedechamalieres.fr\/wp-content\/uploads\/2026\/03\/collage-300x200.png 300w, https:\/\/lyceedechamalieres.fr\/wp-content\/uploads\/2026\/03\/collage-768x512.png 768w, https:\/\/lyceedechamalieres.fr\/wp-content\/uploads\/2026\/03\/collage.png 1200w\" sizes=\"auto, (max-width: 860px) 100vw, 860px\" \/><\/a><\/p>\n<p><strong>Pour en savoir plus&#8230;<\/strong><br \/>\n<a href=\"\/_pdf\/decoufle.pdf\" class=\"pdfemb-viewer\" style=\"\" data-width=\"max\" data-height=\"max\" data-mobile-width=\"500\"  data-scrollbar=\"none\" data-download=\"on\" data-tracking=\"on\" data-newwindow=\"on\" data-pagetextbox=\"off\" data-scrolltotop=\"off\" data-startzoom=\"100\" data-startfpzoom=\"100\" data-toolbar=\"both\" data-toolbar-fixed=\"off\">decoufle<br\/><\/a><\/p>\n","protected":false},"excerpt":{"rendered":"<p>Ce mercredi 25 f\u00e9vrier 2026, les \u00e9l\u00e8ves de seconde STHR2 ont troqu\u00e9 leurs uniformes de service et leurs couteaux de cuisine pour une immersion totale [&#8230;]<\/p>\n","protected":false},"author":1,"featured_media":0,"comment_status":"closed","ping_status":"closed","sticky":false,"template":"","format":"standard","meta":{"footnotes":""},"categories":[7,9],"tags":[88,26],"class_list":["post-15224","post","type-post","status-publish","format-standard","hentry","category-actualites","category-arts-plastiques","tag-actualites","tag-art"],"_links":{"self":[{"href":"https:\/\/lyceedechamalieres.fr\/index.php?rest_route=\/wp\/v2\/posts\/15224","targetHints":{"allow":["GET"]}}],"collection":[{"href":"https:\/\/lyceedechamalieres.fr\/index.php?rest_route=\/wp\/v2\/posts"}],"about":[{"href":"https:\/\/lyceedechamalieres.fr\/index.php?rest_route=\/wp\/v2\/types\/post"}],"author":[{"embeddable":true,"href":"https:\/\/lyceedechamalieres.fr\/index.php?rest_route=\/wp\/v2\/users\/1"}],"replies":[{"embeddable":true,"href":"https:\/\/lyceedechamalieres.fr\/index.php?rest_route=%2Fwp%2Fv2%2Fcomments&post=15224"}],"version-history":[{"count":3,"href":"https:\/\/lyceedechamalieres.fr\/index.php?rest_route=\/wp\/v2\/posts\/15224\/revisions"}],"predecessor-version":[{"id":15229,"href":"https:\/\/lyceedechamalieres.fr\/index.php?rest_route=\/wp\/v2\/posts\/15224\/revisions\/15229"}],"wp:attachment":[{"href":"https:\/\/lyceedechamalieres.fr\/index.php?rest_route=%2Fwp%2Fv2%2Fmedia&parent=15224"}],"wp:term":[{"taxonomy":"category","embeddable":true,"href":"https:\/\/lyceedechamalieres.fr\/index.php?rest_route=%2Fwp%2Fv2%2Fcategories&post=15224"},{"taxonomy":"post_tag","embeddable":true,"href":"https:\/\/lyceedechamalieres.fr\/index.php?rest_route=%2Fwp%2Fv2%2Ftags&post=15224"}],"curies":[{"name":"wp","href":"https:\/\/api.w.org\/{rel}","templated":true}]}}