{"id":15234,"date":"2026-03-09T17:16:28","date_gmt":"2026-03-09T16:16:28","guid":{"rendered":"https:\/\/lyceedechamalieres.fr\/?p=15234"},"modified":"2026-03-10T17:59:00","modified_gmt":"2026-03-10T16:59:00","slug":"concours-de-chroniques-radio-video-2","status":"publish","type":"post","link":"https:\/\/lyceedechamalieres.fr\/?p=15234","title":{"rendered":"Concours de Chroniques Radio &#038; Vid\u00e9o"},"content":{"rendered":"<p><img loading=\"lazy\" decoding=\"async\" class=\"alignleft size-thumbnail wp-image-15236\" src=\"https:\/\/lyceedechamalieres.fr\/wp-content\/uploads\/2026\/03\/sem-150x150.png\" alt=\"\" width=\"150\" height=\"150\" \/>Dans le cadre de la Semaine de la Presse et des M\u00e9dias au Lyc\u00e9e Val\u00e9ry-Giscard-d\u2019Estaing de Chamali\u00e8res du 23 au 28 mars 2026&#8230;<br \/>\nTu as un coup de c\u0153ur culinaire ? Un plat, une recette, un restaurant ou une tendance ?<br \/>\nPartage ton enthousiasme en r\u00e9alisant une chronique radio ou vid\u00e9o !<br \/>\nDate limite d\u2019envoi : le vendredi 27 mars<br \/>\nO\u00f9 envoyer ta cr\u00e9ation ? w&#101;&#x62;&#x72;&#x61;d&#105;&#x6f;&#x63;&#x68;a&#109;&#x61;&#x34;&#x30;0&#64;&#x67;&#x6d;&#x61;i&#108;&#x2e;&#x63;&#x6f;m<br \/>\n\u00c0 toi de jouer : r\u00e9gale-nous avec tes mots !<br \/>\nLe format de la critique doit \u00eatre court trois minutes maximum.<br \/>\nUne remise des prix aura lieu le mardi 31 mars \u00e0 17h15 au CDI du lyc\u00e9e pour les chroniqueurs prim\u00e9s !<br \/>\nMmes Delhoume et Ercolani<\/p>\n<p><a href=\"https:\/\/lyceedechamalieres.fr\/wp-content\/uploads\/2026\/03\/pic.jpg\"><img loading=\"lazy\" decoding=\"async\" class=\"alignnone size-large wp-image-15235\" src=\"https:\/\/lyceedechamalieres.fr\/wp-content\/uploads\/2026\/03\/pic-1024x623.jpg\" alt=\"\" width=\"860\" height=\"523\" srcset=\"https:\/\/lyceedechamalieres.fr\/wp-content\/uploads\/2026\/03\/pic-1024x623.jpg 1024w, https:\/\/lyceedechamalieres.fr\/wp-content\/uploads\/2026\/03\/pic-300x182.jpg 300w, https:\/\/lyceedechamalieres.fr\/wp-content\/uploads\/2026\/03\/pic-768x467.jpg 768w, https:\/\/lyceedechamalieres.fr\/wp-content\/uploads\/2026\/03\/pic-1320x803.jpg 1320w, https:\/\/lyceedechamalieres.fr\/wp-content\/uploads\/2026\/03\/pic.jpg 1353w\" sizes=\"auto, (max-width: 860px) 100vw, 860px\" \/><\/a><\/p>\n","protected":false},"excerpt":{"rendered":"<p>Dans le cadre de la Semaine de la Presse et des M\u00e9dias au Lyc\u00e9e Val\u00e9ry-Giscard-d\u2019Estaing de Chamali\u00e8res du 23 au 28 mars 2026&#8230; Tu as [&#8230;]<\/p>\n","protected":false},"author":1,"featured_media":0,"comment_status":"closed","ping_status":"closed","sticky":false,"template":"","format":"standard","meta":{"footnotes":""},"categories":[7],"tags":[47],"class_list":["post-15234","post","type-post","status-publish","format-standard","hentry","category-actualites","tag-gastronomie"],"_links":{"self":[{"href":"https:\/\/lyceedechamalieres.fr\/index.php?rest_route=\/wp\/v2\/posts\/15234","targetHints":{"allow":["GET"]}}],"collection":[{"href":"https:\/\/lyceedechamalieres.fr\/index.php?rest_route=\/wp\/v2\/posts"}],"about":[{"href":"https:\/\/lyceedechamalieres.fr\/index.php?rest_route=\/wp\/v2\/types\/post"}],"author":[{"embeddable":true,"href":"https:\/\/lyceedechamalieres.fr\/index.php?rest_route=\/wp\/v2\/users\/1"}],"replies":[{"embeddable":true,"href":"https:\/\/lyceedechamalieres.fr\/index.php?rest_route=%2Fwp%2Fv2%2Fcomments&post=15234"}],"version-history":[{"count":2,"href":"https:\/\/lyceedechamalieres.fr\/index.php?rest_route=\/wp\/v2\/posts\/15234\/revisions"}],"predecessor-version":[{"id":15238,"href":"https:\/\/lyceedechamalieres.fr\/index.php?rest_route=\/wp\/v2\/posts\/15234\/revisions\/15238"}],"wp:attachment":[{"href":"https:\/\/lyceedechamalieres.fr\/index.php?rest_route=%2Fwp%2Fv2%2Fmedia&parent=15234"}],"wp:term":[{"taxonomy":"category","embeddable":true,"href":"https:\/\/lyceedechamalieres.fr\/index.php?rest_route=%2Fwp%2Fv2%2Fcategories&post=15234"},{"taxonomy":"post_tag","embeddable":true,"href":"https:\/\/lyceedechamalieres.fr\/index.php?rest_route=%2Fwp%2Fv2%2Ftags&post=15234"}],"curies":[{"name":"wp","href":"https:\/\/api.w.org\/{rel}","templated":true}]}}