{"id":15396,"date":"2026-04-27T16:48:06","date_gmt":"2026-04-27T14:48:06","guid":{"rendered":"https:\/\/lyceedechamalieres.fr\/?p=15396"},"modified":"2026-04-27T16:48:06","modified_gmt":"2026-04-27T14:48:06","slug":"premier-prix-academique-dans-la-categorie-lycee-du-concours-mediatiks-pour-la-webtv","status":"publish","type":"post","link":"https:\/\/lyceedechamalieres.fr\/?p=15396","title":{"rendered":"Premier prix acad\u00e9mique dans la cat\u00e9gorie Lyc\u00e9e du concours m\u00e9diatiks pour la WebTV"},"content":{"rendered":"<p><img loading=\"lazy\" decoding=\"async\" class=\"alignleft size-thumbnail wp-image-15398\" src=\"https:\/\/lyceedechamalieres.fr\/wp-content\/uploads\/2026\/04\/img-2-150x150.jpg\" alt=\"\" width=\"150\" height=\"150\" \/>Le jury acad\u00e9mique du concours M\u00e9diatiks s\u2019est r\u00e9uni le mardi 21 avril afin de d\u00e9lib\u00e9rer. Compos\u00e9 de membres du CLEMI acad\u00e9mique, d\u2019IEN et de conseillers p\u00e9dagogiques, ainsi que de partenaires issus des r\u00e9dactions locales et du monde des m\u00e9dias, il a proc\u00e9d\u00e9 \u00e0 l\u2019\u00e9valuation de l\u2019ensemble des productions.<\/p>\n<p>Depuis plusieurs semaines, chaque r\u00e9alisation a fait l\u2019objet d\u2019une lecture, d\u2019une \u00e9coute ou d\u2019un visionnage attentif, donnant lieu \u00e0 une fiche d\u2019appr\u00e9ciation qui sera transmise \u00e0 l\u2019ensemble des participants.<\/p>\n<p>Un grand bravo \u00e0 toutes et tous les \u00e9l\u00e8ves engag\u00e9s dans cette aventure m\u00e9diatique ! Nous esp\u00e9rons les retrouver nombreux dans les prochaines \u00e9ditions, toujours plus cr\u00e9atives et ambitieuses.<\/p>\n<p><a href=\"https:\/\/lyceedechamalieres.fr\/wp-content\/uploads\/2026\/04\/collage-4.jpg\"><img loading=\"lazy\" decoding=\"async\" class=\"alignnone size-large wp-image-15397\" src=\"https:\/\/lyceedechamalieres.fr\/wp-content\/uploads\/2026\/04\/collage-4-1024x683.jpg\" alt=\"\" width=\"860\" height=\"574\" srcset=\"https:\/\/lyceedechamalieres.fr\/wp-content\/uploads\/2026\/04\/collage-4-1024x683.jpg 1024w, https:\/\/lyceedechamalieres.fr\/wp-content\/uploads\/2026\/04\/collage-4-300x200.jpg 300w, https:\/\/lyceedechamalieres.fr\/wp-content\/uploads\/2026\/04\/collage-4-768x512.jpg 768w, https:\/\/lyceedechamalieres.fr\/wp-content\/uploads\/2026\/04\/collage-4.jpg 1200w\" sizes=\"auto, (max-width: 860px) 100vw, 860px\" \/><\/a><\/p>\n<p>Un immense merci au journal La Montagne, au journal Albert, \u00e0 l\u2019ARCOM Clermont, \u00e0 Radio Coquelicot, \u00e0 Educ M\u00e9dia Info, \u00e0 Alain Valentini (ancien r\u00e9dacteur en chef \u00e0 France T\u00e9l\u00e9visions et membre de l\u2019association Plan\u00e8te Jeunes Reporters sur les pas d\u2019Albert Londres), \u00e0 l\u2019antenne locale de TF1 ainsi qu\u2019\u00e0 la Fondation Varenne pour leur soutien constant et leur engagement pr\u00e9cieux !<\/p>\n<p><a href=\"https:\/\/pedagogie.ac-clermont.fr\/emi\/2026\/04\/22\/palmares-academique-mediatiks-2026\/\" target=\"_blank\" rel=\"noopener\">https:\/\/pedagogie.ac-clermont.fr\/emi\/2026\/04\/22\/palmares-academique-mediatiks-2026\/<\/a><\/p>\n","protected":false},"excerpt":{"rendered":"<p>Le jury acad\u00e9mique du concours M\u00e9diatiks s\u2019est r\u00e9uni le mardi 21 avril afin de d\u00e9lib\u00e9rer. Compos\u00e9 de membres du CLEMI acad\u00e9mique, d\u2019IEN et de conseillers [&#8230;]<\/p>\n","protected":false},"author":1,"featured_media":0,"comment_status":"closed","ping_status":"closed","sticky":false,"template":"","format":"standard","meta":{"footnotes":""},"categories":[7],"tags":[88],"class_list":["post-15396","post","type-post","status-publish","format-standard","hentry","category-actualites","tag-actualites"],"_links":{"self":[{"href":"https:\/\/lyceedechamalieres.fr\/index.php?rest_route=\/wp\/v2\/posts\/15396","targetHints":{"allow":["GET"]}}],"collection":[{"href":"https:\/\/lyceedechamalieres.fr\/index.php?rest_route=\/wp\/v2\/posts"}],"about":[{"href":"https:\/\/lyceedechamalieres.fr\/index.php?rest_route=\/wp\/v2\/types\/post"}],"author":[{"embeddable":true,"href":"https:\/\/lyceedechamalieres.fr\/index.php?rest_route=\/wp\/v2\/users\/1"}],"replies":[{"embeddable":true,"href":"https:\/\/lyceedechamalieres.fr\/index.php?rest_route=%2Fwp%2Fv2%2Fcomments&post=15396"}],"version-history":[{"count":1,"href":"https:\/\/lyceedechamalieres.fr\/index.php?rest_route=\/wp\/v2\/posts\/15396\/revisions"}],"predecessor-version":[{"id":15399,"href":"https:\/\/lyceedechamalieres.fr\/index.php?rest_route=\/wp\/v2\/posts\/15396\/revisions\/15399"}],"wp:attachment":[{"href":"https:\/\/lyceedechamalieres.fr\/index.php?rest_route=%2Fwp%2Fv2%2Fmedia&parent=15396"}],"wp:term":[{"taxonomy":"category","embeddable":true,"href":"https:\/\/lyceedechamalieres.fr\/index.php?rest_route=%2Fwp%2Fv2%2Fcategories&post=15396"},{"taxonomy":"post_tag","embeddable":true,"href":"https:\/\/lyceedechamalieres.fr\/index.php?rest_route=%2Fwp%2Fv2%2Ftags&post=15396"}],"curies":[{"name":"wp","href":"https:\/\/api.w.org\/{rel}","templated":true}]}}