{"id":1699,"date":"2012-01-16T09:08:30","date_gmt":"2012-01-16T08:08:30","guid":{"rendered":"http:\/\/www.lyceedechamalieres.fr\/?p=1699"},"modified":"2012-01-16T09:08:30","modified_gmt":"2012-01-16T08:08:30","slug":"semaine-franco-allemande-du-17-au-24-janvier-2012","status":"publish","type":"post","link":"https:\/\/lyceedechamalieres.fr\/?p=1699","title":{"rendered":"Semaine franco-allemande du 17 au 24 janvier 2012"},"content":{"rendered":"<p><img loading=\"lazy\" decoding=\"async\" class=\"alignleft size-full wp-image-1700\" title=\"FranceAllemagne4\" src=\"http:\/\/www.lyceedechamalieres.fr\/wp-content\/uploads\/2012\/01\/FranceAllemagne4.jpg\" alt=\"\" width=\"152\" height=\"97\" \/>La journ\u00e9e d\u2019amiti\u00e9 franco-allemande sera f\u00eat\u00e9e au lyc\u00e9e tout d\u2019abord <strong>le mardi 17 janvier par un d\u00e9jeuner allemand \u00e0 la Brasserie<\/strong>, d\u00e9jeuner servi par les \u00e9l\u00e8ves de Premi\u00e8re TH1 et leur professeur de restaurant Christian de Gaspari, d\u00e9jeuner pr\u00e9par\u00e9 par Fr\u00e9d\u00e9ric Dusart, professeur de cuisine et les \u00e9l\u00e8ves de Premi\u00e8re TH1, les \u00e9l\u00e8ves de 1TH2 pour le dessert avec leur professeur Jean-Luc Fr\u00e9maux.<br \/>\nLe <strong>mardi 24 janvier, un petit-d\u00e9jeuner allemand<\/strong> sera servi par les \u00e9l\u00e8ves de Premi\u00e8re TH1 et leur professeur de restaurant Christian de Gaspari. Petit-d\u00e9jeuner d\u00e9gust\u00e9 par des \u00e9l\u00e8ves du Coll\u00e8ge T. de Chardin et des \u00e9l\u00e8ves des \u00e9coles \u00e9l\u00e9mentaires de Chamali\u00e8res et d\u2019Orcines. <!--more-->Apr\u00e8s la d\u00e9gustation suivront jeux, quiz, devinettes et chansons\u2026 le tout en allemand avec des animations assur\u00e9es par les \u00e9tudiants germanistes des BTS Tourisme (premi\u00e8re ann\u00e9e) du lyc\u00e9e accompagn\u00e9s de leur professeur d\u2019allemand Agn\u00e8s Dupr\u00e9.<br \/>\nA cette occasion, nous pr\u00e9senterons \u00e9galement notre \u00e9change scolaire avec le lyc\u00e9e bavarois de Geretsried, ville jumel\u00e9e avec Chamali\u00e8res.<\/p>\n<p>Voici la pr\u00e9sentation compl\u00e8te de la semaine :<\/p>\n<p>[gview save=1 file=\u00a0\u00bbhttp:\/\/api.cld.me\/3e2G1y1U3r2d37322S31\/download\/22%20janvier.pdf\u00a0\u00bb]<\/p>\n<p>Voici le menu du d\u00e9jeuner allemand :<\/p>\n<p>[gview save=1 file=\u00a0\u00bbhttp:\/\/api.cld.me\/072G3V3R2D3z2j0q1P18\/download\/menu%20d%C3%A9jeuner%20allemand.pdf\u00a0\u00bb]<\/p>\n","protected":false},"excerpt":{"rendered":"<p>La journ\u00e9e d\u2019amiti\u00e9 franco-allemande sera f\u00eat\u00e9e au lyc\u00e9e tout d\u2019abord le mardi 17 janvier par un d\u00e9jeuner allemand \u00e0 la Brasserie, d\u00e9jeuner servi par les [&#8230;]<\/p>\n","protected":false},"author":1,"featured_media":0,"comment_status":"closed","ping_status":"open","sticky":false,"template":"","format":"standard","meta":{"footnotes":""},"categories":[7,16,8],"tags":[44,47,41],"class_list":["post-1699","post","type-post","status-publish","format-standard","hentry","category-actualites","category-hotellerie","category-international","tag-allemagne","tag-gastronomie","tag-rencontre"],"_links":{"self":[{"href":"https:\/\/lyceedechamalieres.fr\/index.php?rest_route=\/wp\/v2\/posts\/1699","targetHints":{"allow":["GET"]}}],"collection":[{"href":"https:\/\/lyceedechamalieres.fr\/index.php?rest_route=\/wp\/v2\/posts"}],"about":[{"href":"https:\/\/lyceedechamalieres.fr\/index.php?rest_route=\/wp\/v2\/types\/post"}],"author":[{"embeddable":true,"href":"https:\/\/lyceedechamalieres.fr\/index.php?rest_route=\/wp\/v2\/users\/1"}],"replies":[{"embeddable":true,"href":"https:\/\/lyceedechamalieres.fr\/index.php?rest_route=%2Fwp%2Fv2%2Fcomments&post=1699"}],"version-history":[{"count":2,"href":"https:\/\/lyceedechamalieres.fr\/index.php?rest_route=\/wp\/v2\/posts\/1699\/revisions"}],"predecessor-version":[{"id":1702,"href":"https:\/\/lyceedechamalieres.fr\/index.php?rest_route=\/wp\/v2\/posts\/1699\/revisions\/1702"}],"wp:attachment":[{"href":"https:\/\/lyceedechamalieres.fr\/index.php?rest_route=%2Fwp%2Fv2%2Fmedia&parent=1699"}],"wp:term":[{"taxonomy":"category","embeddable":true,"href":"https:\/\/lyceedechamalieres.fr\/index.php?rest_route=%2Fwp%2Fv2%2Fcategories&post=1699"},{"taxonomy":"post_tag","embeddable":true,"href":"https:\/\/lyceedechamalieres.fr\/index.php?rest_route=%2Fwp%2Fv2%2Ftags&post=1699"}],"curies":[{"name":"wp","href":"https:\/\/api.w.org\/{rel}","templated":true}]}}