{"id":3041,"date":"2013-03-26T14:51:35","date_gmt":"2013-03-26T13:51:35","guid":{"rendered":"http:\/\/www.lyceedechamalieres.fr\/?p=3041"},"modified":"2013-03-26T14:54:04","modified_gmt":"2013-03-26T13:54:04","slug":"visite-de-lexposition-charreton-par-les-eleves-du-lycee","status":"publish","type":"post","link":"https:\/\/lyceedechamalieres.fr\/?p=3041","title":{"rendered":"Visite de l\u2019exposition CHARRETON par les \u00e9l\u00e8ves du lyc\u00e9e"},"content":{"rendered":"<p><a href=\"http:\/\/www.lyceedechamalieres.fr\/wp-content\/uploads\/2013\/03\/DSC05333.jpg\"><img loading=\"lazy\" decoding=\"async\" class=\"alignleft size-thumbnail wp-image-3042\" alt=\"DSC05333\" src=\"http:\/\/www.lyceedechamalieres.fr\/wp-content\/uploads\/2013\/03\/DSC05333-150x150.jpg\" width=\"150\" height=\"150\" \/><\/a>Les 35 \u00e9l\u00e8ves du domaine d\u2019exploration arts visuels en seconde du lyc\u00e9e de Chamali\u00e8res sont all\u00e9s visiter l\u2019exposition du peintre Victor Charreton au carrefour Europe situ\u00e9 \u00e0 10 minutes \u00e0 pied du lyc\u00e9e. Ils ont pu admirer les 49 toiles re\u00e7ues en donation par le neveu du peintre le docteur Robert Chatin auteur par ailleurs de deux catalogues avec dessins, peintures, photographies et textes sur l\u2019artiste. S\u2019il manque les dates d\u2019ex\u00e9cution des toiles il est toutefois possible de comprendre quelles influences ont pu avoir un impact sur le peintre par ailleurs cofondateur avec Pierre Bonnard du salon d\u2019automne en 1903.<!--more--><br \/>\nImpressionnisme, Fauvisme sont des mouvements sous-jacents \u00e0 l\u2019ex\u00e9cution d\u2019une \u0153uvre singuli\u00e8re ainsi que les Nabis ou l\u2019art japonais. Remarquable coloriste il n\u2019h\u00e9site pas \u00e0 exp\u00e9rimenter des supports diff\u00e9rents comme de la finette au lieu de la toile habituelle et laisser apparente la toile brute du support comme \u00ab mise en r\u00e9serve \u00bb.<br \/>\nIl utilise des techniques particuli\u00e8res pour l\u2019\u00e9poque comme racler la surface des couleurs du tableau pour ensuite peindre en noir en une \u00e9criture nerveuse un dessin normalement sous-jacent, utiliser le couteau pour cr\u00e9er des emp\u00e2tements que n\u2019aurait pas renier un Nicolas de Sta\u00ebl, \u00e9tudier la lumi\u00e8re et son impact sur les couleurs non seulement en Auvergne qui fut son lieu d\u2019habitation et sa terre de pr\u00e9dilection (il fait partie de la fameuse \u00e9cole de MUROLS) mais aussi en voyageant.<br \/>\nC\u2019est \u00e0 un apprentissage du regard sur l\u2019\u0153uvre que se sont confront\u00e9s les \u00e9l\u00e8ves qui avaient \u00e0 r\u00e9pondre \u00e0 un questionnaire \u00e9labor\u00e9 par leur professeur les incitant \u00e0 regarder attentivement chaque tableau et m\u00eame \u00e0 mimer certaines lignes pour en comprendre la composition tout en clignant des yeux. Un clin d\u2019\u0153il vers la phrase de l\u2019artiste \u00e9crite dans un de ses po\u00e8mes : \u00bb \u00ab Il faut un sentiment sous la ligne trac\u00e9e\u2026 \u00bb<\/p>\n<p>Liste des questions accompagnant l&rsquo;exposition Charreton pour apprendre \u00e0 regarder les \u0153uvres (\u00e9labor\u00e9 par V. BAUDIN, professeur d&rsquo;arts plastiques) :<\/p>\n<p>[gview save=1 file=\u00a0\u00bbhttp:\/\/cl.ly\/18300z1p1p0A\/Expo.pdf\u00a0\u00bb]<\/p>\n","protected":false},"excerpt":{"rendered":"<p>Les 35 \u00e9l\u00e8ves du domaine d\u2019exploration arts visuels en seconde du lyc\u00e9e de Chamali\u00e8res sont all\u00e9s visiter l\u2019exposition du peintre Victor Charreton au carrefour Europe [&#8230;]<\/p>\n","protected":false},"author":1,"featured_media":0,"comment_status":"closed","ping_status":"open","sticky":false,"template":"","format":"standard","meta":{"footnotes":""},"categories":[9],"tags":[26,27],"class_list":["post-3041","post","type-post","status-publish","format-standard","hentry","category-arts-plastiques","tag-art","tag-exposition"],"_links":{"self":[{"href":"https:\/\/lyceedechamalieres.fr\/index.php?rest_route=\/wp\/v2\/posts\/3041","targetHints":{"allow":["GET"]}}],"collection":[{"href":"https:\/\/lyceedechamalieres.fr\/index.php?rest_route=\/wp\/v2\/posts"}],"about":[{"href":"https:\/\/lyceedechamalieres.fr\/index.php?rest_route=\/wp\/v2\/types\/post"}],"author":[{"embeddable":true,"href":"https:\/\/lyceedechamalieres.fr\/index.php?rest_route=\/wp\/v2\/users\/1"}],"replies":[{"embeddable":true,"href":"https:\/\/lyceedechamalieres.fr\/index.php?rest_route=%2Fwp%2Fv2%2Fcomments&post=3041"}],"version-history":[{"count":3,"href":"https:\/\/lyceedechamalieres.fr\/index.php?rest_route=\/wp\/v2\/posts\/3041\/revisions"}],"predecessor-version":[{"id":3044,"href":"https:\/\/lyceedechamalieres.fr\/index.php?rest_route=\/wp\/v2\/posts\/3041\/revisions\/3044"}],"wp:attachment":[{"href":"https:\/\/lyceedechamalieres.fr\/index.php?rest_route=%2Fwp%2Fv2%2Fmedia&parent=3041"}],"wp:term":[{"taxonomy":"category","embeddable":true,"href":"https:\/\/lyceedechamalieres.fr\/index.php?rest_route=%2Fwp%2Fv2%2Fcategories&post=3041"},{"taxonomy":"post_tag","embeddable":true,"href":"https:\/\/lyceedechamalieres.fr\/index.php?rest_route=%2Fwp%2Fv2%2Ftags&post=3041"}],"curies":[{"name":"wp","href":"https:\/\/api.w.org\/{rel}","templated":true}]}}