{"id":3456,"date":"2013-06-14T07:10:00","date_gmt":"2013-06-14T05:10:00","guid":{"rendered":"http:\/\/www.lyceedechamalieres.fr\/?p=3456"},"modified":"2013-06-17T20:06:56","modified_gmt":"2013-06-17T18:06:56","slug":"raid-vtt-pour-les-eleves-de-loption-sport","status":"publish","type":"post","link":"https:\/\/lyceedechamalieres.fr\/?p=3456","title":{"rendered":"Raid VTT pour les \u00e9l\u00e8ves de l&rsquo;option sport"},"content":{"rendered":"<p><img loading=\"lazy\" decoding=\"async\" class=\"alignleft size-thumbnail wp-image-3457\" alt=\"vtt0\" src=\"http:\/\/www.lyceedechamalieres.fr\/wp-content\/uploads\/2013\/06\/vtt0-150x133.jpg\" width=\"150\" height=\"133\" \/><strong>Jour 1 :<\/strong> Depuis mercredi matin, les \u00e9l\u00e8ves de l&rsquo;option sport de secondes et premi\u00e8res, les professeurs d&rsquo;EPS et l&rsquo;accompagnateur de l&rsquo;AROEVEN sont partis du lyc\u00e9e de Chamali\u00e8res pour rallier le Mont-Dore.<br \/>\nCette premi\u00e8re journ\u00e9e sous le soleil nous a permis de rejoindre le g\u00eete du Vernet St Marguerite en faisant 35 km.<br \/>\nQuelques chutes, coups de soleil sont venus \u00e9mailler notre parcours fait de chemins, champs et sentiers.<!--more--><br \/>\nVoici quelques photos:<\/p>\n<p><img loading=\"lazy\" decoding=\"async\" class=\"alignnone size-full wp-image-3464\" alt=\"vtt1\" src=\"http:\/\/www.lyceedechamalieres.fr\/wp-content\/uploads\/2013\/06\/vtt1.jpg\" width=\"650\" height=\"989\" srcset=\"https:\/\/lyceedechamalieres.fr\/wp-content\/uploads\/2013\/06\/vtt1.jpg 650w, https:\/\/lyceedechamalieres.fr\/wp-content\/uploads\/2013\/06\/vtt1-197x300.jpg 197w\" sizes=\"auto, (max-width: 650px) 100vw, 650px\" \/><\/p>\n<p><strong>Jour 2 :<\/strong> La journ\u00e9e commenc\u00e9 sous le soleil et la chaleur s&rsquo;est malheureusement termin\u00e9e dans le froid et sous la pluie&#8230;<br \/>\nLe parcours matinal nous a amen\u00e9 \u00e0 St Nectaire, au ch\u00e2teau de Murol et au lac Chambon o\u00f9 nous avons pique niqu\u00e9.<br \/>\n28 km avec un fort d\u00e9nivel\u00e9 \u00e9tait au programme pour nous amener au g\u00eete de Pessade, des soucis mat\u00e9riels et le terrain rendu gras par la pluie ont un peu frein\u00e9 notre progression.<br \/>\nDe plus J. Ronger a du nous quitter suite \u00e0 un souci de corps \u00e9tranger dans l&rsquo;\u0153il. Courage \u00e0 elle.<\/p>\n<p>Voici quelques photos :<\/p>\n<p><img loading=\"lazy\" decoding=\"async\" class=\"alignnone size-full wp-image-3459\" alt=\"vtt2\" src=\"http:\/\/www.lyceedechamalieres.fr\/wp-content\/uploads\/2013\/06\/vtt2.jpg\" width=\"650\" height=\"1130\" srcset=\"https:\/\/lyceedechamalieres.fr\/wp-content\/uploads\/2013\/06\/vtt2.jpg 650w, https:\/\/lyceedechamalieres.fr\/wp-content\/uploads\/2013\/06\/vtt2-172x300.jpg 172w, https:\/\/lyceedechamalieres.fr\/wp-content\/uploads\/2013\/06\/vtt2-589x1024.jpg 589w\" sizes=\"auto, (max-width: 650px) 100vw, 650px\" \/><\/p>\n<p><strong>Jour 3<\/strong> : Le soleil revenu nous sommes partis rejoindre le Col de la Croix Morant, puis nous avons entam\u00e9 la descente tant attendue par les \u00e9l\u00e8ves vers le Mont-Dore. Cette derni\u00e8re partie du raid VTT nous permet de rallier le site du Capucin, lieu o\u00f9, l&rsquo;apr\u00e8s-midi, les participants du raid ont pu s&rsquo;adonner aux joies de l&rsquo;accrobranche.<br \/>\nF\u00e9licitations \u00e0 tous pour ces trois jours de raid men\u00e9s \u00e0 un tr\u00e8s bon rythme et votre bonne tenue pendant tout le s\u00e9jour.<br \/>\nBonnes vacances \u00e0 tous !<\/p>\n<p>Voici quelques photos :<\/p>\n<p><img loading=\"lazy\" decoding=\"async\" class=\"alignnone size-full wp-image-3468\" alt=\"vtt3\" src=\"http:\/\/www.lyceedechamalieres.fr\/wp-content\/uploads\/2013\/06\/vtt3.jpg\" width=\"650\" height=\"1910\" srcset=\"https:\/\/lyceedechamalieres.fr\/wp-content\/uploads\/2013\/06\/vtt3.jpg 650w, https:\/\/lyceedechamalieres.fr\/wp-content\/uploads\/2013\/06\/vtt3-102x300.jpg 102w, https:\/\/lyceedechamalieres.fr\/wp-content\/uploads\/2013\/06\/vtt3-348x1024.jpg 348w\" sizes=\"auto, (max-width: 650px) 100vw, 650px\" \/><\/p>\n","protected":false},"excerpt":{"rendered":"<p>Jour 1 : Depuis mercredi matin, les \u00e9l\u00e8ves de l&rsquo;option sport de secondes et premi\u00e8res, les professeurs d&rsquo;EPS et l&rsquo;accompagnateur de l&rsquo;AROEVEN sont partis du [&#8230;]<\/p>\n","protected":false},"author":1,"featured_media":0,"comment_status":"closed","ping_status":"closed","sticky":false,"template":"","format":"standard","meta":{"footnotes":""},"categories":[10],"tags":[46,89,56],"class_list":["post-3456","post","type-post","status-publish","format-standard","hentry","category-sport","tag-auvergne","tag-sport","tag-vtt"],"_links":{"self":[{"href":"https:\/\/lyceedechamalieres.fr\/index.php?rest_route=\/wp\/v2\/posts\/3456","targetHints":{"allow":["GET"]}}],"collection":[{"href":"https:\/\/lyceedechamalieres.fr\/index.php?rest_route=\/wp\/v2\/posts"}],"about":[{"href":"https:\/\/lyceedechamalieres.fr\/index.php?rest_route=\/wp\/v2\/types\/post"}],"author":[{"embeddable":true,"href":"https:\/\/lyceedechamalieres.fr\/index.php?rest_route=\/wp\/v2\/users\/1"}],"replies":[{"embeddable":true,"href":"https:\/\/lyceedechamalieres.fr\/index.php?rest_route=%2Fwp%2Fv2%2Fcomments&post=3456"}],"version-history":[{"count":8,"href":"https:\/\/lyceedechamalieres.fr\/index.php?rest_route=\/wp\/v2\/posts\/3456\/revisions"}],"predecessor-version":[{"id":3461,"href":"https:\/\/lyceedechamalieres.fr\/index.php?rest_route=\/wp\/v2\/posts\/3456\/revisions\/3461"}],"wp:attachment":[{"href":"https:\/\/lyceedechamalieres.fr\/index.php?rest_route=%2Fwp%2Fv2%2Fmedia&parent=3456"}],"wp:term":[{"taxonomy":"category","embeddable":true,"href":"https:\/\/lyceedechamalieres.fr\/index.php?rest_route=%2Fwp%2Fv2%2Fcategories&post=3456"},{"taxonomy":"post_tag","embeddable":true,"href":"https:\/\/lyceedechamalieres.fr\/index.php?rest_route=%2Fwp%2Fv2%2Ftags&post=3456"}],"curies":[{"name":"wp","href":"https:\/\/api.w.org\/{rel}","templated":true}]}}