{"id":3495,"date":"2013-07-10T13:51:37","date_gmt":"2013-07-10T11:51:37","guid":{"rendered":"http:\/\/www.lyceedechamalieres.fr\/?p=3495"},"modified":"2013-07-13T13:57:20","modified_gmt":"2013-07-13T11:57:20","slug":"30-ans-damitie-entre-chamalieres-et-geretsried","status":"publish","type":"post","link":"https:\/\/lyceedechamalieres.fr\/?p=3495","title":{"rendered":"30 ans d\u2019amiti\u00e9 entre Chamali\u00e8res et Geretsried"},"content":{"rendered":"<p><img loading=\"lazy\" decoding=\"async\" class=\"alignleft size-thumbnail wp-image-3496\" alt=\"DSCF6649-s\" src=\"http:\/\/www.lyceedechamalieres.fr\/wp-content\/uploads\/2013\/07\/DSCF6649-s-150x150.jpg\" width=\"150\" height=\"150\" \/>Du 29 Mai au 2 Juin, Chamali\u00e8res a f\u00eat\u00e9 30 ans d\u2019amiti\u00e9 avec Geretsried, sa ville jumelle de Bavi\u00e8re en Allemagne.<br \/>\nLes \u00e9l\u00e8ves germanistes de Seconde ont pu assister \u00e0 une conf\u00e9rence sur l\u2019Europe. Le lyc\u00e9e a \u00e9galement accueilli \u00e0 cette occasion Monsieur Deger, directeur du lyc\u00e9e allemand de Geretsried, lyc\u00e9e avec lequel nous sommes jumel\u00e9s depuis 1997. Avec lui \u00e9taient pr\u00e9sents des membres du comit\u00e9 de jumelage allemand : Karin Schlich, traductrice et Peter Taubert qui h\u00e9berge chaque ann\u00e9e des professeurs fran\u00e7ais lors des \u00e9changes scolaires et dont les enfants, Paul et Steffi ont pass\u00e9 un an dans notre lyc\u00e9e.<!--more--><\/p>\n<p>Un d\u00eener fut servi par les \u00e9l\u00e8ves de 1TH3. Guillaume et Luca ont mis leur allemand en pratique. Au menu : assiette de charcuterie, agneau et ses l\u00e9gumes nouveaux, fromages d\u2019Auvergne et fraisier.<\/p>\n<p>Vive l\u2019amiti\u00e9 franco-allemande !<\/p>\n<p>Voici quelques photos du repas :<\/p>\n<p><a href=\"http:\/\/www.lyceedechamalieres.fr\/wp-content\/uploads\/2013\/07\/DSCF6649-s.jpg\"><img loading=\"lazy\" decoding=\"async\" class=\"alignnone size-large wp-image-3496\" alt=\"DSCF6649-s\" src=\"http:\/\/www.lyceedechamalieres.fr\/wp-content\/uploads\/2013\/07\/DSCF6649-s-1024x615.jpg\" width=\"680\" height=\"408\" srcset=\"https:\/\/lyceedechamalieres.fr\/wp-content\/uploads\/2013\/07\/DSCF6649-s-1024x615.jpg 1024w, https:\/\/lyceedechamalieres.fr\/wp-content\/uploads\/2013\/07\/DSCF6649-s-300x180.jpg 300w, https:\/\/lyceedechamalieres.fr\/wp-content\/uploads\/2013\/07\/DSCF6649-s.jpg 1600w\" sizes=\"auto, (max-width: 680px) 100vw, 680px\" \/><\/a><\/p>\n<p><a href=\"http:\/\/www.lyceedechamalieres.fr\/wp-content\/uploads\/2013\/07\/DSCF6650-s.jpg\"><img loading=\"lazy\" decoding=\"async\" class=\"alignnone size-large wp-image-3497\" alt=\"DSCF6650-s\" src=\"http:\/\/www.lyceedechamalieres.fr\/wp-content\/uploads\/2013\/07\/DSCF6650-s-1024x903.jpg\" width=\"680\" height=\"599\" srcset=\"https:\/\/lyceedechamalieres.fr\/wp-content\/uploads\/2013\/07\/DSCF6650-s-1024x903.jpg 1024w, https:\/\/lyceedechamalieres.fr\/wp-content\/uploads\/2013\/07\/DSCF6650-s-300x264.jpg 300w, https:\/\/lyceedechamalieres.fr\/wp-content\/uploads\/2013\/07\/DSCF6650-s.jpg 1600w\" sizes=\"auto, (max-width: 680px) 100vw, 680px\" \/><\/a><\/p>\n<p>Voici l&rsquo;article de la Montagne :<\/p>\n<p><a href=\"http:\/\/www.lyceedechamalieres.fr\/wp-content\/uploads\/2013\/07\/allemands.jpg\"><img loading=\"lazy\" decoding=\"async\" class=\"alignnone size-large wp-image-3498\" alt=\"allemands\" src=\"http:\/\/www.lyceedechamalieres.fr\/wp-content\/uploads\/2013\/07\/allemands-1024x861.jpg\" width=\"680\" height=\"571\" srcset=\"https:\/\/lyceedechamalieres.fr\/wp-content\/uploads\/2013\/07\/allemands-1024x861.jpg 1024w, https:\/\/lyceedechamalieres.fr\/wp-content\/uploads\/2013\/07\/allemands-300x252.jpg 300w, https:\/\/lyceedechamalieres.fr\/wp-content\/uploads\/2013\/07\/allemands.jpg 1562w\" sizes=\"auto, (max-width: 680px) 100vw, 680px\" \/><\/a><\/p>\n","protected":false},"excerpt":{"rendered":"<p>Du 29 Mai au 2 Juin, Chamali\u00e8res a f\u00eat\u00e9 30 ans d\u2019amiti\u00e9 avec Geretsried, sa ville jumelle de Bavi\u00e8re en Allemagne. Les \u00e9l\u00e8ves germanistes de [&#8230;]<\/p>\n","protected":false},"author":1,"featured_media":0,"comment_status":"closed","ping_status":"closed","sticky":false,"template":"","format":"standard","meta":{"footnotes":""},"categories":[7,8],"tags":[44,41],"class_list":["post-3495","post","type-post","status-publish","format-standard","hentry","category-actualites","category-international","tag-allemagne","tag-rencontre"],"_links":{"self":[{"href":"https:\/\/lyceedechamalieres.fr\/index.php?rest_route=\/wp\/v2\/posts\/3495","targetHints":{"allow":["GET"]}}],"collection":[{"href":"https:\/\/lyceedechamalieres.fr\/index.php?rest_route=\/wp\/v2\/posts"}],"about":[{"href":"https:\/\/lyceedechamalieres.fr\/index.php?rest_route=\/wp\/v2\/types\/post"}],"author":[{"embeddable":true,"href":"https:\/\/lyceedechamalieres.fr\/index.php?rest_route=\/wp\/v2\/users\/1"}],"replies":[{"embeddable":true,"href":"https:\/\/lyceedechamalieres.fr\/index.php?rest_route=%2Fwp%2Fv2%2Fcomments&post=3495"}],"version-history":[{"count":3,"href":"https:\/\/lyceedechamalieres.fr\/index.php?rest_route=\/wp\/v2\/posts\/3495\/revisions"}],"predecessor-version":[{"id":3500,"href":"https:\/\/lyceedechamalieres.fr\/index.php?rest_route=\/wp\/v2\/posts\/3495\/revisions\/3500"}],"wp:attachment":[{"href":"https:\/\/lyceedechamalieres.fr\/index.php?rest_route=%2Fwp%2Fv2%2Fmedia&parent=3495"}],"wp:term":[{"taxonomy":"category","embeddable":true,"href":"https:\/\/lyceedechamalieres.fr\/index.php?rest_route=%2Fwp%2Fv2%2Fcategories&post=3495"},{"taxonomy":"post_tag","embeddable":true,"href":"https:\/\/lyceedechamalieres.fr\/index.php?rest_route=%2Fwp%2Fv2%2Ftags&post=3495"}],"curies":[{"name":"wp","href":"https:\/\/api.w.org\/{rel}","templated":true}]}}