{"id":3955,"date":"2014-02-05T08:10:23","date_gmt":"2014-02-05T07:10:23","guid":{"rendered":"http:\/\/www.lyceedechamalieres.fr\/?p=3955"},"modified":"2014-02-05T08:12:26","modified_gmt":"2014-02-05T07:12:26","slug":"sauve-qui-peut-le-court-metrage-2014","status":"publish","type":"post","link":"https:\/\/lyceedechamalieres.fr\/?p=3955","title":{"rendered":"Sauve qui peut le Court M\u00e9trage 2014"},"content":{"rendered":"<p><a href=\"http:\/\/www.lyceedechamalieres.fr\/wp-content\/uploads\/2014\/02\/SQP_2014_AfficheOK-VERSIONFINALE-1.jpe\"><img loading=\"lazy\" decoding=\"async\" class=\"alignleft size-thumbnail wp-image-3956\" alt=\"SQP 2006 Carte postale\" src=\"http:\/\/www.lyceedechamalieres.fr\/wp-content\/uploads\/2014\/02\/SQP_2014_AfficheOK-VERSIONFINALE-1-150x150.jpe\" width=\"150\" height=\"150\" \/><\/a>Une quarantaine d\u2019\u00e9l\u00e8ves inscrits en arts visuels ont assist\u00e9 \u00e0 la s\u00e9ance scolaire organis\u00e9e par Sauve Qui Peut Le Court M\u00e9trage pr\u00e9sentant 8 court-m\u00e9trages abordant des sujets vari\u00e9s, les incitant \u00e0 r\u00e9fl\u00e9chir sur le monde, l\u2019\u00e9tranger ou le quotidien et ses probl\u00e8mes de violence, sur l\u2019influence d\u2019une technologie de plus en plus pouss\u00e9e ou sur un pass\u00e9 historique dont il est difficile de se d\u00e9barrasser. Une productrice, Am\u00e9lie QUERET, qui a aid\u00e9 \u00e0 la mise en place d\u2019Oripeaux <!--more-->r\u00e9alis\u00e9 par Sonia GERBEAUD et Mathias de PANAFIEU est venue au lyc\u00e9e d\u2019enseignement g\u00e9n\u00e9ral et des m\u00e9tiers de l\u2019h\u00f4tellerie, de la restauration et du tourisme pour r\u00e9pondre aux \u00e9l\u00e8ves qui avaient vu le court m\u00e9trage le matin m\u00eame. Productrice d\u2019un film guat\u00e9malt\u00e8que \u00ab Cuando sea grande \u00bb qui a gagn\u00e9 de nombreux prix elle a expliqu\u00e9 son m\u00e9tier et son parcours professionnel avant de raconter l\u2019\u00e9laboration de ce premier court-m\u00e9trage \u00e0 l\u2019ancienne (12000 dessins pour 10 minutes de film) par de jeunes r\u00e9alisateurs actuellement en voyage en Asie. Les \u00e9l\u00e8ves ont \u00e9t\u00e9 touch\u00e9s par cette histoire d\u2019une petite fille d\u00e9non\u00e7ant l\u2019animalit\u00e9 cruelle des hommes envers des coyotes qu\u2019ils pourchassent. Ceux-ci seront capables de pardonner, sentiment r\u00e9serv\u00e9 aux hommes en apparence seulement et la petite fille choisira le camp des animaux. Le contraste entre la douceur de l\u2019aquarelle et la violence de certaines sc\u00e8nes trait\u00e9es avec des proc\u00e9d\u00e9s de long m\u00e9trage cr\u00e9ent une tension pour le spectateur qui d\u00e9montre s\u2019il le fallait encore, que le dessin anim\u00e9 est loin d\u2019un simple passe- temps \u00e0 destination des plus jeunes. Une histoire \u00e0 fleur de peau en quelque sorte que les \u00e9l\u00e8ves auront \u00e0 expliquer en participant au concours de la jeune critique mise en place par Sauve Qui Peut Le Court M\u00e9trage.<\/p>\n<p>V\u00e9ronique Baudin (accompagn\u00e9e par Hugo CANIS, Catherine Thioulouze)<\/p>\n<p>Voici les photos concernant le visite d&rsquo;Am\u00e9lie QUERET, productrice et ayant travaill\u00e9 sur le court m\u00e9trage ORIPEAUX en salle d&rsquo;arts plastiques pour les 36 \u00e9l\u00e8ves inscrits en arts visuels :<br \/>\n<object width=\"600\" height=\"400\" classid=\"clsid:d27cdb6e-ae6d-11cf-96b8-444553540000\" codebase=\"http:\/\/download.macromedia.com\/pub\/shockwave\/cabs\/flash\/swflash.cab#version=6,0,40,0\"><param name=\"src\" value=\"https:\/\/static.googleusercontent.com\/external_content\/picasaweb.googleusercontent.com\/slideshow.swf\" \/><param name=\"flashvars\" value=\"host=picasaweb.google.com&amp;hl=fr&amp;feat=flashalbum&amp;RGB=0xffffff&amp;feed=https%3A%2F%2Fpicasaweb.google.com%2Fdata%2Ffeed%2Fapi%2Fuser%2F101204773722014584810%2Falbumid%2F5976806815694982481%3Falt%3Drss%26kind%3Dphoto%26authkey%3DGv1sRgCJLq4L6rkZ31Tg%26hl%3Dfr\" \/><param name=\"pluginspage\" value=\"http:\/\/www.macromedia.com\/go\/getflashplayer\" \/><embed width=\"600\" height=\"400\" type=\"application\/x-shockwave-flash\" src=\"https:\/\/static.googleusercontent.com\/external_content\/picasaweb.googleusercontent.com\/slideshow.swf\" flashvars=\"host=picasaweb.google.com&amp;hl=fr&amp;feat=flashalbum&amp;RGB=0xffffff&amp;feed=https%3A%2F%2Fpicasaweb.google.com%2Fdata%2Ffeed%2Fapi%2Fuser%2F101204773722014584810%2Falbumid%2F5976806815694982481%3Falt%3Drss%26kind%3Dphoto%26authkey%3DGv1sRgCJLq4L6rkZ31Tg%26hl%3Dfr\" pluginspage=\"http:\/\/www.macromedia.com\/go\/getflashplayer\" \/><\/object><\/p>\n","protected":false},"excerpt":{"rendered":"<p>Une quarantaine d\u2019\u00e9l\u00e8ves inscrits en arts visuels ont assist\u00e9 \u00e0 la s\u00e9ance scolaire organis\u00e9e par Sauve Qui Peut Le Court M\u00e9trage pr\u00e9sentant 8 court-m\u00e9trages abordant [&#8230;]<\/p>\n","protected":false},"author":1,"featured_media":0,"comment_status":"closed","ping_status":"closed","sticky":false,"template":"","format":"standard","meta":{"footnotes":""},"categories":[9],"tags":[26,41],"class_list":["post-3955","post","type-post","status-publish","format-standard","hentry","category-arts-plastiques","tag-art","tag-rencontre"],"_links":{"self":[{"href":"https:\/\/lyceedechamalieres.fr\/index.php?rest_route=\/wp\/v2\/posts\/3955","targetHints":{"allow":["GET"]}}],"collection":[{"href":"https:\/\/lyceedechamalieres.fr\/index.php?rest_route=\/wp\/v2\/posts"}],"about":[{"href":"https:\/\/lyceedechamalieres.fr\/index.php?rest_route=\/wp\/v2\/types\/post"}],"author":[{"embeddable":true,"href":"https:\/\/lyceedechamalieres.fr\/index.php?rest_route=\/wp\/v2\/users\/1"}],"replies":[{"embeddable":true,"href":"https:\/\/lyceedechamalieres.fr\/index.php?rest_route=%2Fwp%2Fv2%2Fcomments&post=3955"}],"version-history":[{"count":3,"href":"https:\/\/lyceedechamalieres.fr\/index.php?rest_route=\/wp\/v2\/posts\/3955\/revisions"}],"predecessor-version":[{"id":3959,"href":"https:\/\/lyceedechamalieres.fr\/index.php?rest_route=\/wp\/v2\/posts\/3955\/revisions\/3959"}],"wp:attachment":[{"href":"https:\/\/lyceedechamalieres.fr\/index.php?rest_route=%2Fwp%2Fv2%2Fmedia&parent=3955"}],"wp:term":[{"taxonomy":"category","embeddable":true,"href":"https:\/\/lyceedechamalieres.fr\/index.php?rest_route=%2Fwp%2Fv2%2Fcategories&post=3955"},{"taxonomy":"post_tag","embeddable":true,"href":"https:\/\/lyceedechamalieres.fr\/index.php?rest_route=%2Fwp%2Fv2%2Ftags&post=3955"}],"curies":[{"name":"wp","href":"https:\/\/api.w.org\/{rel}","templated":true}]}}