{"id":4299,"date":"2014-04-15T16:47:26","date_gmt":"2014-04-15T14:47:26","guid":{"rendered":"http:\/\/www.lyceedechamalieres.fr\/?p=4299"},"modified":"2014-04-15T16:47:26","modified_gmt":"2014-04-15T14:47:26","slug":"rendez-vous-en-france","status":"publish","type":"post","link":"https:\/\/lyceedechamalieres.fr\/?p=4299","title":{"rendered":"Rendez-vous en France"},"content":{"rendered":"<p><img loading=\"lazy\" decoding=\"async\" class=\"size-thumbnail wp-image-4300 alignleft\" alt=\"rdv\" src=\"http:\/\/www.lyceedechamalieres.fr\/wp-content\/uploads\/2014\/04\/rdv-150x150.jpg\" width=\"100\" height=\"100\" \/>Les \u00e9tudiants de 1\u00e8re ann\u00e9e de BTS Tourisme ont particip\u00e9 \u00e0 l\u2019accueil et \u00e0 l\u2019organisation de la plus importante manifestation d\u00e9di\u00e9e \u00e0 la commercialisation de l\u2019offre touristique fran\u00e7aise !<br \/>\nCette 9\u00e8me \u00e9dition de Rendez-vous en France organis\u00e9e par Atout France et le Comit\u00e9 R\u00e9gional de D\u00e9veloppement Touristique d\u2019Auvergne a eu lieu \u00e0 la Grande Halle d\u2019Auvergne les 1er et 2 avril 2014.<!--more--> Elle a accueilli plus de 800 voyagistes du monde entier et des journalistes de la presse professionnelle.<\/p>\n<p>Apr\u00e8s plusieurs r\u00e9unions de briefing et une reconnaissance des lieux le lundi 31 mars, les \u00e9tudiants ont pu r\u00e9aliser les diff\u00e9rentes missions qui leur ont \u00e9t\u00e9 confi\u00e9es : accueil exposants, accueil presse, VIP, accueil TO, point info (\u2026) et \u00eatre pr\u00e9sents aux soir\u00e9es organis\u00e9es \u00e0 Vulcania ou Polyd\u00f4me.<\/p>\n<p>Une action sur le terrain riche en rencontres professionnelles.<\/p>\n<p><img loading=\"lazy\" decoding=\"async\" class=\"alignnone size-full wp-image-4302\" alt=\"rdv2\" src=\"http:\/\/www.lyceedechamalieres.fr\/wp-content\/uploads\/2014\/04\/rdv2.jpg\" width=\"680\" height=\"709\" srcset=\"https:\/\/lyceedechamalieres.fr\/wp-content\/uploads\/2014\/04\/rdv2.jpg 680w, https:\/\/lyceedechamalieres.fr\/wp-content\/uploads\/2014\/04\/rdv2-287x300.jpg 287w\" sizes=\"auto, (max-width: 680px) 100vw, 680px\" \/><\/p>\n","protected":false},"excerpt":{"rendered":"<p>Les \u00e9tudiants de 1\u00e8re ann\u00e9e de BTS Tourisme ont particip\u00e9 \u00e0 l\u2019accueil et \u00e0 l\u2019organisation de la plus importante manifestation d\u00e9di\u00e9e \u00e0 la commercialisation de [&#8230;]<\/p>\n","protected":false},"author":1,"featured_media":0,"comment_status":"closed","ping_status":"closed","sticky":false,"template":"","format":"standard","meta":{"footnotes":""},"categories":[7,17],"tags":[58,41,30],"class_list":["post-4299","post","type-post","status-publish","format-standard","hentry","category-actualites","category-tourisme","tag-bts","tag-rencontre","tag-tourisme-2"],"_links":{"self":[{"href":"https:\/\/lyceedechamalieres.fr\/index.php?rest_route=\/wp\/v2\/posts\/4299","targetHints":{"allow":["GET"]}}],"collection":[{"href":"https:\/\/lyceedechamalieres.fr\/index.php?rest_route=\/wp\/v2\/posts"}],"about":[{"href":"https:\/\/lyceedechamalieres.fr\/index.php?rest_route=\/wp\/v2\/types\/post"}],"author":[{"embeddable":true,"href":"https:\/\/lyceedechamalieres.fr\/index.php?rest_route=\/wp\/v2\/users\/1"}],"replies":[{"embeddable":true,"href":"https:\/\/lyceedechamalieres.fr\/index.php?rest_route=%2Fwp%2Fv2%2Fcomments&post=4299"}],"version-history":[{"count":1,"href":"https:\/\/lyceedechamalieres.fr\/index.php?rest_route=\/wp\/v2\/posts\/4299\/revisions"}],"predecessor-version":[{"id":4303,"href":"https:\/\/lyceedechamalieres.fr\/index.php?rest_route=\/wp\/v2\/posts\/4299\/revisions\/4303"}],"wp:attachment":[{"href":"https:\/\/lyceedechamalieres.fr\/index.php?rest_route=%2Fwp%2Fv2%2Fmedia&parent=4299"}],"wp:term":[{"taxonomy":"category","embeddable":true,"href":"https:\/\/lyceedechamalieres.fr\/index.php?rest_route=%2Fwp%2Fv2%2Fcategories&post=4299"},{"taxonomy":"post_tag","embeddable":true,"href":"https:\/\/lyceedechamalieres.fr\/index.php?rest_route=%2Fwp%2Fv2%2Ftags&post=4299"}],"curies":[{"name":"wp","href":"https:\/\/api.w.org\/{rel}","templated":true}]}}