{"id":4339,"date":"2014-04-18T13:19:03","date_gmt":"2014-04-18T11:19:03","guid":{"rendered":"http:\/\/www.lyceedechamalieres.fr\/?p=4339"},"modified":"2018-02-03T10:54:35","modified_gmt":"2018-02-03T09:54:35","slug":"visite-de-lexposition-marc-bauer-au-frac-auvergne","status":"publish","type":"post","link":"https:\/\/lyceedechamalieres.fr\/?p=4339","title":{"rendered":"Visite de l&rsquo;exposition Marc Bauer au FRAC Auvergne"},"content":{"rendered":"<p><img loading=\"lazy\" decoding=\"async\" class=\"alignleft size-thumbnail wp-image-4340\" src=\"http:\/\/www.lyceedechamalieres.fr\/wp-content\/uploads\/2014\/04\/bauer-150x150.jpg\" alt=\"bauer\" width=\"100\" height=\"100\" \/>Les \u00e9l\u00e8ves inscrits en option facultative de terminale arts plastiques ont pu exp\u00e9rimenter sur place le programme du baccalaur\u00e9at en se rendant \u00e0 la magnifique exposition de Marc BAUER, organis\u00e9e par le <a href=\"http:\/\/www.frac-auvergne.fr\/exposition.php?id=130&amp;target=actu\" target=\"_blank\">FRAC Auvergne<\/a>. Qu\u2019est-ce que faire \u0153uvre\u00a0? Prenant pr\u00e9texte de films cultes comme Nosferatu ou Metropolis l\u2019artiste par diff\u00e9rentes techniques de dessin et une pr\u00e9sentation singuli\u00e8re nous parle d\u2019histoire, de philosophie, de m\u00e9moire. <!--more-->Un jeu de piste entre la fiction et la r\u00e9alit\u00e9. Une mythologie personnelle qui a su s\u00e9duire les \u00e9l\u00e8ves lors de la visite comment\u00e9e par Laure FORLAY, m\u00e9diatrice du Frac et permettra sans nul doute de comprendre une d\u00e9marche artistique tout en laissant libre leur imaginaire.<\/p>\n<p>Voici les travaux des \u00e9l\u00e8ves \u00e0 la suite de cette visite :<\/p>\n<p><embed width=\"600\" height=\"400\" type=\"application\/x-shockwave-flash\" src=\"https:\/\/photos.gstatic.com\/media\/slideshow.swf\" flashvars=\"host=picasaweb.google.com&amp;hl=fr&amp;feat=flashalbum&amp;RGB=0x000000&amp;feed=https%3A%2F%2Fpicasaweb.google.com%2Fdata%2Ffeed%2Fapi%2Fuser%2F101204773722014584810%2Falbumid%2F6003858927701790625%3Falt%3Drss%26kind%3Dphoto%26authkey%3DGv1sRgCOTL6ZTwmJ6XswE%26hl%3Dfr\" pluginspage=\"http:\/\/www.macromedia.com\/go\/getflashplayer\"><\/embed><\/p>\n<p>Voici le journal de l&rsquo;exposition :<br \/>\n<a href=\"\/_pdf\/bauer.pdf\" class=\"pdfemb-viewer\" style=\"\" data-width=\"max\" data-height=\"max\" data-mobile-width=\"500\"  data-scrollbar=\"none\" data-download=\"on\" data-tracking=\"on\" data-newwindow=\"on\" data-pagetextbox=\"off\" data-scrolltotop=\"off\" data-startzoom=\"100\" data-startfpzoom=\"100\" data-toolbar=\"both\" data-toolbar-fixed=\"off\">bauer<br\/><\/a><\/p>\n","protected":false},"excerpt":{"rendered":"<p>Les \u00e9l\u00e8ves inscrits en option facultative de terminale arts plastiques ont pu exp\u00e9rimenter sur place le programme du baccalaur\u00e9at en se rendant \u00e0 la magnifique [&#8230;]<\/p>\n","protected":false},"author":1,"featured_media":0,"comment_status":"closed","ping_status":"closed","sticky":false,"template":"","format":"standard","meta":{"footnotes":""},"categories":[9],"tags":[26,27,41],"class_list":["post-4339","post","type-post","status-publish","format-standard","hentry","category-arts-plastiques","tag-art","tag-exposition","tag-rencontre"],"_links":{"self":[{"href":"https:\/\/lyceedechamalieres.fr\/index.php?rest_route=\/wp\/v2\/posts\/4339","targetHints":{"allow":["GET"]}}],"collection":[{"href":"https:\/\/lyceedechamalieres.fr\/index.php?rest_route=\/wp\/v2\/posts"}],"about":[{"href":"https:\/\/lyceedechamalieres.fr\/index.php?rest_route=\/wp\/v2\/types\/post"}],"author":[{"embeddable":true,"href":"https:\/\/lyceedechamalieres.fr\/index.php?rest_route=\/wp\/v2\/users\/1"}],"replies":[{"embeddable":true,"href":"https:\/\/lyceedechamalieres.fr\/index.php?rest_route=%2Fwp%2Fv2%2Fcomments&post=4339"}],"version-history":[{"count":6,"href":"https:\/\/lyceedechamalieres.fr\/index.php?rest_route=\/wp\/v2\/posts\/4339\/revisions"}],"predecessor-version":[{"id":7834,"href":"https:\/\/lyceedechamalieres.fr\/index.php?rest_route=\/wp\/v2\/posts\/4339\/revisions\/7834"}],"wp:attachment":[{"href":"https:\/\/lyceedechamalieres.fr\/index.php?rest_route=%2Fwp%2Fv2%2Fmedia&parent=4339"}],"wp:term":[{"taxonomy":"category","embeddable":true,"href":"https:\/\/lyceedechamalieres.fr\/index.php?rest_route=%2Fwp%2Fv2%2Fcategories&post=4339"},{"taxonomy":"post_tag","embeddable":true,"href":"https:\/\/lyceedechamalieres.fr\/index.php?rest_route=%2Fwp%2Fv2%2Ftags&post=4339"}],"curies":[{"name":"wp","href":"https:\/\/api.w.org\/{rel}","templated":true}]}}