{"id":4531,"date":"2014-07-06T14:54:27","date_gmt":"2014-07-06T12:54:27","guid":{"rendered":"http:\/\/www.lyceedechamalieres.fr\/?p=4531"},"modified":"2014-08-06T15:00:43","modified_gmt":"2014-08-06T13:00:43","slug":"prix-du-jury-du-concours-photo-letudiant-2014","status":"publish","type":"post","link":"https:\/\/lyceedechamalieres.fr\/?p=4531","title":{"rendered":"Prix du jury du concours photo L&rsquo;\u00e9tudiant 2014"},"content":{"rendered":"<p><a href=\"http:\/\/www.lyceedechamalieres.fr\/wp-content\/uploads\/2014\/08\/002.jpg\"><img loading=\"lazy\" decoding=\"async\" class=\"alignleft wp-image-4532\" src=\"http:\/\/www.lyceedechamalieres.fr\/wp-content\/uploads\/2014\/08\/002-150x150.jpg\" alt=\"002\" width=\"100\" height=\"144\" srcset=\"https:\/\/lyceedechamalieres.fr\/wp-content\/uploads\/2014\/08\/002-208x300.jpg 208w, https:\/\/lyceedechamalieres.fr\/wp-content\/uploads\/2014\/08\/002.jpg 497w\" sizes=\"auto, (max-width: 100px) 100vw, 100px\" \/><\/a>Le programme du baccalaur\u00e9at 2014 en option facultative, arts plastiques portant sur l\u2019\u00e9tude du photographe <a href=\"http:\/\/fr.wikipedia.org\/wiki\/Joan_Fontcuberta\" target=\"_blank\">Fontcuberta<\/a>, un travail a \u00e9t\u00e9 r\u00e9alis\u00e9 en classe sur la mani\u00e8re de montrer que la photographie ne rendait pas toujours compte de la r\u00e9alit\u00e9. En dehors de techniques num\u00e9riques on peut r\u00e9aliser une image par un montage de diff\u00e9rentes photographies soigneusement d\u00e9coup\u00e9es et mise en place comme une maquette en 3D en tenant compte de la lumi\u00e8re et de la place des diff\u00e9rents \u00e9l\u00e9ments, puis photographier ensuite l\u2019ensemble. <!--more--><br \/>\nTelles \u00e9taient les consignes techniques donn\u00e9es par le professeur.<br \/>\nC\u2019est ainsi que toute la classe a particip\u00e9 au <a href=\"http:\/\/blog.letudiant.fr\/concours-photo-de-letudiant-2014\/\" target=\"_blank\">concours photographique<\/a> organis\u00e9 par le journal L&rsquo;\u00e9tudiant pour l\u2019ann\u00e9e scolaire 2013\/2014 ayant pour th\u00e8me \u00ab COUR(S) \u00bb.<\/p>\n<p>Le lyc\u00e9e d\u2019enseignement g\u00e9n\u00e9ral et des m\u00e9tiers de l\u2019h\u00f4tellerie de la restauration et du tourisme de Chamali\u00e8res participe \u00e0 ce concours depuis sa cr\u00e9ation. C\u2019est Louise Porte, maintenant \u00e9tudiante aux Beaux-Arts, qui avait gagn\u00e9 un prix la premi\u00e8re ann\u00e9e avec \u00ab ma vie au lyc\u00e9e \u00bb. Il s\u2019agit cette ann\u00e9e de<strong> Maryne Boudes<\/strong>, qui vient d\u2019\u00eatre re\u00e7ue au baccalaur\u00e9at litt\u00e9raire en options de sp\u00e9cialit\u00e9 et facultative arts plastiques et qui attend les r\u00e9sultats de son concours d\u2019entr\u00e9e aux Beaux-Arts de Clermont-Ferrand. Elle a ainsi gagn\u00e9 la possibilit\u00e9 d\u2019un stage dans la prestigieuse \u00e9cole de photographie d\u2019Arles, un pass pour visiter toutes les expositions et de nombreux livres et abonnements.<\/p>\n<p>Faire participer les \u00e9l\u00e8ves \u00e0 des actions culturelles a toujours \u00e9t\u00e9 la politique de l\u2019\u00e9tablissement scolaire. Ceux-ci ont ainsi la possibilit\u00e9 des respecter des consignes strictes de calendrier et d\u2019\u00e9mulation avec d\u2019autres \u00e9l\u00e8ves au niveau national, sans compter une valorisation pour leur oral du baccalaur\u00e9at ! Joindre ainsi la cr\u00e9ativit\u00e9 de l\u2019imaginaire et ses applications pratiques, n\u2019est-ce pas une belle vision du monde pour les futurs adultes ?<\/p>\n<p><img loading=\"lazy\" decoding=\"async\" class=\"size-full wp-image-4533 aligncenter\" src=\"http:\/\/www.lyceedechamalieres.fr\/wp-content\/uploads\/2014\/08\/001.jpg\" alt=\"001\" width=\"665\" height=\"872\" srcset=\"https:\/\/lyceedechamalieres.fr\/wp-content\/uploads\/2014\/08\/001.jpg 665w, https:\/\/lyceedechamalieres.fr\/wp-content\/uploads\/2014\/08\/001-228x300.jpg 228w\" sizes=\"auto, (max-width: 665px) 100vw, 665px\" \/><\/p>\n","protected":false},"excerpt":{"rendered":"<p>Le programme du baccalaur\u00e9at 2014 en option facultative, arts plastiques portant sur l\u2019\u00e9tude du photographe Fontcuberta, un travail a \u00e9t\u00e9 r\u00e9alis\u00e9 en classe sur la [&#8230;]<\/p>\n","protected":false},"author":1,"featured_media":0,"comment_status":"closed","ping_status":"closed","sticky":false,"template":"","format":"standard","meta":{"footnotes":""},"categories":[9],"tags":[26,34],"class_list":["post-4531","post","type-post","status-publish","format-standard","hentry","category-arts-plastiques","tag-art","tag-concours"],"_links":{"self":[{"href":"https:\/\/lyceedechamalieres.fr\/index.php?rest_route=\/wp\/v2\/posts\/4531","targetHints":{"allow":["GET"]}}],"collection":[{"href":"https:\/\/lyceedechamalieres.fr\/index.php?rest_route=\/wp\/v2\/posts"}],"about":[{"href":"https:\/\/lyceedechamalieres.fr\/index.php?rest_route=\/wp\/v2\/types\/post"}],"author":[{"embeddable":true,"href":"https:\/\/lyceedechamalieres.fr\/index.php?rest_route=\/wp\/v2\/users\/1"}],"replies":[{"embeddable":true,"href":"https:\/\/lyceedechamalieres.fr\/index.php?rest_route=%2Fwp%2Fv2%2Fcomments&post=4531"}],"version-history":[{"count":6,"href":"https:\/\/lyceedechamalieres.fr\/index.php?rest_route=\/wp\/v2\/posts\/4531\/revisions"}],"predecessor-version":[{"id":4539,"href":"https:\/\/lyceedechamalieres.fr\/index.php?rest_route=\/wp\/v2\/posts\/4531\/revisions\/4539"}],"wp:attachment":[{"href":"https:\/\/lyceedechamalieres.fr\/index.php?rest_route=%2Fwp%2Fv2%2Fmedia&parent=4531"}],"wp:term":[{"taxonomy":"category","embeddable":true,"href":"https:\/\/lyceedechamalieres.fr\/index.php?rest_route=%2Fwp%2Fv2%2Fcategories&post=4531"},{"taxonomy":"post_tag","embeddable":true,"href":"https:\/\/lyceedechamalieres.fr\/index.php?rest_route=%2Fwp%2Fv2%2Ftags&post=4531"}],"curies":[{"name":"wp","href":"https:\/\/api.w.org\/{rel}","templated":true}]}}