{"id":4610,"date":"2014-09-18T12:54:14","date_gmt":"2014-09-18T10:54:14","guid":{"rendered":"http:\/\/www.lyceedechamalieres.fr\/?p=4610"},"modified":"2014-09-18T19:59:42","modified_gmt":"2014-09-18T17:59:42","slug":"participation-brillante-du-lycee-au-mouvergnat","status":"publish","type":"post","link":"https:\/\/lyceedechamalieres.fr\/?p=4610","title":{"rendered":"Participation brillante du lyc\u00e9e au Mouvergnat"},"content":{"rendered":"<p><img loading=\"lazy\" decoding=\"async\" class=\"alignleft size-thumbnail wp-image-4611\" src=\"http:\/\/www.lyceedechamalieres.fr\/wp-content\/uploads\/2014\/09\/1-150x150.jpg\" alt=\"1\" width=\"150\" height=\"150\" srcset=\"https:\/\/lyceedechamalieres.fr\/wp-content\/uploads\/2014\/09\/1-150x150.jpg 150w, https:\/\/lyceedechamalieres.fr\/wp-content\/uploads\/2014\/09\/1-144x144.jpg 144w\" sizes=\"auto, (max-width: 150px) 100vw, 150px\" \/> Mercredi 17 septembre se d\u00e9roulait le MOUVERGNAT, comp\u00e9tition organis\u00e9e chaque ann\u00e9e par l&rsquo;UNSS r\u00e9gionale regroupant tous les lyc\u00e9es de l&rsquo;Acad\u00e9mie de Clermont-Ferrand. Cette \u00e9dition se d\u00e9roulait \u00e0 St-Pourcain sur Sioule (03) et permettait aux \u00e9l\u00e8ves de se confronter par \u00e9quipes de 4 comp\u00e9titeurs dans trois cat\u00e9gories (filles, mixtes et gar\u00e7ons) \u00e0 7 activit\u00e9s. Au menu run&amp;bike, biathlon, cano\u00eb, tir \u00e0 l&rsquo;arc, aviron indoor, course d&rsquo;orientation et parcours aventure.<!--more--><\/p>\n<p>Le lyc\u00e9e de Chamali\u00e8res \u00e9tait repr\u00e9sent\u00e9 par deux \u00e9quipes filles et deux \u00e9quipes gar\u00e7ons compos\u00e9es d&rsquo;\u00e9l\u00e8ves de l&rsquo;option EPS de compl\u00e9ment. Cette option permet aux \u00e9l\u00e8ves motiv\u00e9s par les activit\u00e9s physiques de pratiquer pendant leur cursus de lyc\u00e9e des activit\u00e9s telles que VTT, Hand-ball, natation, trampoline, etc.<\/p>\n<p>En cat\u00e9gorie fille, l&rsquo;\u00e9quipe compos\u00e9e de Lisa FOURNET-FAYARD, Z\u00e9lie SAGOT, Perrine LOMBARDO ET Alexandra PERRIN a particuli\u00e8rement brill\u00e9. Elles terminent PREMI\u00c8RE de leur cat\u00e9gorie compos\u00e9e de 51 \u00e9quipes !!! Elles devancent de plus 20 points les \u00e9quipes des lyc\u00e9e de Monistrol sur Loire (2\u00e8me) et l&rsquo;\u00e9quipe du lyc\u00e9e Banville de Moulins (3\u00e8me). F\u00c9LICITATIONS !!<\/p>\n<p>&nbsp;<\/p>\n<p><img loading=\"lazy\" decoding=\"async\" class=\"size-full wp-image-4611 aligncenter\" src=\"http:\/\/www.lyceedechamalieres.fr\/wp-content\/uploads\/2014\/09\/1.jpg\" alt=\"1\" width=\"320\" height=\"240\" srcset=\"https:\/\/lyceedechamalieres.fr\/wp-content\/uploads\/2014\/09\/1.jpg 320w, https:\/\/lyceedechamalieres.fr\/wp-content\/uploads\/2014\/09\/1-300x225.jpg 300w, https:\/\/lyceedechamalieres.fr\/wp-content\/uploads\/2014\/09\/1-50x37.jpg 50w\" sizes=\"auto, (max-width: 320px) 100vw, 320px\" \/><\/p>\n<p>&nbsp;<\/p>\n<p>La deuxi\u00e8me \u00e9quipe engag\u00e9e (Alexia Ceyssat, Marine Teixeira, Lucile Desmots et Emma Zamboni) a termin\u00e9 quant \u00e0 elle 16\u00e8me sur 51.<\/p>\n<p>En gar\u00e7on, une 5\u00e8me place est venue r\u00e9compenser l&rsquo;\u00e9quipe de Loup Becker,Ga\u00ebl Bernard, Hugues Girard et Jean-Baptiste Brandon, 71 \u00e9quipes gar\u00e7ons \u00e9taient en lice, bravo pour cette belle place dans le top 5!!! La deuxi\u00e8me \u00e9quipe (Nicolas Chabert, Ga\u00ebl Esteve, Benjamin Malzieu et Joachim Chirier) engag\u00e9e a termin\u00e9 20\u00e8me. Tous cadets ils peuvent pr\u00e9tendre dans les ann\u00e9es futures \u00e0 de belles places d&rsquo;honneur.<\/p>\n<p>F\u00e9licitations \u00e0 tous pour vos r\u00e9sultats sportifs mais \u00e9galement votre bonne tenue lors de cette journ\u00e9e.<\/p>\n<p>&nbsp;<\/p>\n<p>Voici quelques photos :<\/p>\n<p><embed type=\"application\/x-shockwave-flash\" src=\"https:\/\/photos.gstatic.com\/media\/slideshow.swf\" width=\"400\" height=\"300\" flashvars=\"host=picasaweb.google.com&#038;hl=fr&#038;feat=flashalbum&#038;RGB=0xffffff&#038;feed=https%3A%2F%2Fpicasaweb.google.com%2Fdata%2Ffeed%2Fapi%2Fuser%2F101204773722014584810%2Falbumid%2F6060468288938727697%3Falt%3Drss%26kind%3Dphoto%26hl%3Dfr\" pluginspage=\"http:\/\/www.macromedia.com\/go\/getflashplayer\"><\/embed><\/p>\n","protected":false},"excerpt":{"rendered":"<p>Mercredi 17 septembre se d\u00e9roulait le MOUVERGNAT, comp\u00e9tition organis\u00e9e chaque ann\u00e9e par l&rsquo;UNSS r\u00e9gionale regroupant tous les lyc\u00e9es de l&rsquo;Acad\u00e9mie de Clermont-Ferrand. Cette \u00e9dition se [&#8230;]<\/p>\n","protected":false},"author":1,"featured_media":0,"comment_status":"closed","ping_status":"closed","sticky":false,"template":"","format":"standard","meta":{"footnotes":""},"categories":[10],"tags":[46,41,89],"class_list":["post-4610","post","type-post","status-publish","format-standard","hentry","category-sport","tag-auvergne","tag-rencontre","tag-sport"],"_links":{"self":[{"href":"https:\/\/lyceedechamalieres.fr\/index.php?rest_route=\/wp\/v2\/posts\/4610","targetHints":{"allow":["GET"]}}],"collection":[{"href":"https:\/\/lyceedechamalieres.fr\/index.php?rest_route=\/wp\/v2\/posts"}],"about":[{"href":"https:\/\/lyceedechamalieres.fr\/index.php?rest_route=\/wp\/v2\/types\/post"}],"author":[{"embeddable":true,"href":"https:\/\/lyceedechamalieres.fr\/index.php?rest_route=\/wp\/v2\/users\/1"}],"replies":[{"embeddable":true,"href":"https:\/\/lyceedechamalieres.fr\/index.php?rest_route=%2Fwp%2Fv2%2Fcomments&post=4610"}],"version-history":[{"count":5,"href":"https:\/\/lyceedechamalieres.fr\/index.php?rest_route=\/wp\/v2\/posts\/4610\/revisions"}],"predecessor-version":[{"id":4616,"href":"https:\/\/lyceedechamalieres.fr\/index.php?rest_route=\/wp\/v2\/posts\/4610\/revisions\/4616"}],"wp:attachment":[{"href":"https:\/\/lyceedechamalieres.fr\/index.php?rest_route=%2Fwp%2Fv2%2Fmedia&parent=4610"}],"wp:term":[{"taxonomy":"category","embeddable":true,"href":"https:\/\/lyceedechamalieres.fr\/index.php?rest_route=%2Fwp%2Fv2%2Fcategories&post=4610"},{"taxonomy":"post_tag","embeddable":true,"href":"https:\/\/lyceedechamalieres.fr\/index.php?rest_route=%2Fwp%2Fv2%2Ftags&post=4610"}],"curies":[{"name":"wp","href":"https:\/\/api.w.org\/{rel}","templated":true}]}}