{"id":4882,"date":"2015-01-13T07:52:15","date_gmt":"2015-01-13T06:52:15","guid":{"rendered":"http:\/\/www.lyceedechamalieres.fr\/?p=4882"},"modified":"2015-02-14T07:40:50","modified_gmt":"2015-02-14T06:40:50","slug":"hommage-a-michel-renaud","status":"publish","type":"post","link":"https:\/\/lyceedechamalieres.fr\/?p=4882","title":{"rendered":"Hommage \u00e0 Michel Renaud"},"content":{"rendered":"<p><img loading=\"lazy\" decoding=\"async\" class=\"alignnone size-full wp-image-4883\" src=\"http:\/\/www.lyceedechamalieres.fr\/wp-content\/uploads\/2015\/01\/0011.png\" alt=\"001\" width=\"680\" height=\"111\" srcset=\"https:\/\/lyceedechamalieres.fr\/wp-content\/uploads\/2015\/01\/0011.png 680w, https:\/\/lyceedechamalieres.fr\/wp-content\/uploads\/2015\/01\/0011-300x49.png 300w, https:\/\/lyceedechamalieres.fr\/wp-content\/uploads\/2015\/01\/0011-600x98.png 600w, https:\/\/lyceedechamalieres.fr\/wp-content\/uploads\/2015\/01\/0011-50x8.png 50w\" sizes=\"auto, (max-width: 680px) 100vw, 680px\" \/><br \/>\nVoici les travaux des \u00e9l\u00e8ves arts plastiques, r\u00e9alis\u00e9s en hommage \u00e0 <a href=\"http:\/\/www.parismatch.com\/Culture\/Medias\/Michel-Renaud-mort-avec-ceux-de-Charlie-685390\" target=\"_blank\">Michel Renaud<\/a> avec qui nous avons travaill\u00e9 pour la biennale du carnet de voyage encore cette ann\u00e9e.<br \/>\nMichel Renaud, fondateur du festival Les Rendez-vous du carnet de voyage \u00e0 Clermont-Ferrand, a \u00e9t\u00e9 abattu dans la salle de r\u00e9union de \u00abCharlie Hebdo\u00bb <!--more-->o\u00f9 les tireurs ont fait irruption mercredi.<br \/>\n<a href=\"http:\/\/fr.wikipedia.org\/wiki\/Je_suis_Charlie\" target=\"_blank\">Nous sommes Charlie<\/a>.<\/p>\n<table style=\"width: 194px;\">\n<tbody>\n<tr>\n<td style=\"height: 194px; background: url('https:\/\/www.gstatic.com\/pwa\/s\/v\/lighthousefe_20141210.00_p1\/transparent_album_background.gif') no-repeat left;\" align=\"center\"><a href=\"https:\/\/picasaweb.google.com\/101204773722014584810\/NousSommesCharlie?authuser=0&amp;feat=embedwebsite\" target=\"_blank\"><img loading=\"lazy\" decoding=\"async\" style=\"margin: 1px 0 0 4px;\" src=\"https:\/\/lh4.googleusercontent.com\/-BKXFeMpbFOg\/VLS-hhpKqVE\/AAAAAAAAIeE\/DbsbW6h3FOI\/s160-c\/NousSommesCharlie.jpg\" alt=\"\" width=\"160\" height=\"160\" \/><\/a><\/td>\n<\/tr>\n<tr>\n<td style=\"text-align: center; font-family: arial,sans-serif; font-size: 11px;\"><a style=\"color: #4d4d4d; font-weight: bold; text-decoration: none;\" href=\"https:\/\/picasaweb.google.com\/101204773722014584810\/NousSommesCharlie?authuser=0&amp;feat=embedwebsite\">Nous sommes Charlie<\/a><\/td>\n<\/tr>\n<\/tbody>\n<\/table>\n<p><strong><br \/>\nMise \u00e0 jour du 10 f\u00e9vrier :<\/strong><br \/>\nNous participons aussi \u00e0 <a href=\"http:\/\/www.fondationvarenne.com\/actualites-a-la-une\/dessiner-pour-liberer-la-parole-jesuischarlie\" target=\"_blank\">\u00ab\u00a0lib\u00e9rer la parole\u00a0\u00bb de la fondation VARENNE<\/a> (envois de dessins des \u00e9l\u00e8ves de toutes les classes arts plastiques apr\u00e8s s\u00e9lection d\u00e8s le 07 janvier 2015). On aper\u00e7oit le dessin de Romane Gardette (term.S) sur TF1 dans la vid\u00e9o suivante :<\/p>\n<p><iframe loading=\"lazy\" style=\"width: 640px; height: 360px;\" src=\"\/\/www.wat.tv\/embedframe\/401832chuPP3r12141167\" width=\"300\" height=\"150\" frameborder=\"0\"><\/iframe><\/p>\n<div class=\"watlinks\" style=\"width: 640px; font-size: 11px; background: #CCCCCC; padding: 2px 0 4px 0; text-align: center;\"><a class=\"waturl\" title=\"Vid\u00e9o Un appel lanc\u00e9 aux \u00e9coliers en hommage aux victimes des attentats sur wat.tv\" href=\"\/\/www.wat.tv\/video\/appel-lance-aux-ecoliers-en-7886n_2i6xp_.html\" target=\"_blank\" rel=\"nofollow\"><strong>Un appel lanc\u00e9 aux \u00e9coliers en hommage aux victimes des attentats<\/strong> sur WAT.tv<\/a><\/div>\n","protected":false},"excerpt":{"rendered":"<p>Voici les travaux des \u00e9l\u00e8ves arts plastiques, r\u00e9alis\u00e9s en hommage \u00e0 Michel Renaud avec qui nous avons travaill\u00e9 pour la biennale du carnet de voyage [&#8230;]<\/p>\n","protected":false},"author":1,"featured_media":0,"comment_status":"closed","ping_status":"closed","sticky":false,"template":"","format":"standard","meta":{"footnotes":""},"categories":[9],"tags":[26],"class_list":["post-4882","post","type-post","status-publish","format-standard","hentry","category-arts-plastiques","tag-art"],"_links":{"self":[{"href":"https:\/\/lyceedechamalieres.fr\/index.php?rest_route=\/wp\/v2\/posts\/4882","targetHints":{"allow":["GET"]}}],"collection":[{"href":"https:\/\/lyceedechamalieres.fr\/index.php?rest_route=\/wp\/v2\/posts"}],"about":[{"href":"https:\/\/lyceedechamalieres.fr\/index.php?rest_route=\/wp\/v2\/types\/post"}],"author":[{"embeddable":true,"href":"https:\/\/lyceedechamalieres.fr\/index.php?rest_route=\/wp\/v2\/users\/1"}],"replies":[{"embeddable":true,"href":"https:\/\/lyceedechamalieres.fr\/index.php?rest_route=%2Fwp%2Fv2%2Fcomments&post=4882"}],"version-history":[{"count":8,"href":"https:\/\/lyceedechamalieres.fr\/index.php?rest_route=\/wp\/v2\/posts\/4882\/revisions"}],"predecessor-version":[{"id":4927,"href":"https:\/\/lyceedechamalieres.fr\/index.php?rest_route=\/wp\/v2\/posts\/4882\/revisions\/4927"}],"wp:attachment":[{"href":"https:\/\/lyceedechamalieres.fr\/index.php?rest_route=%2Fwp%2Fv2%2Fmedia&parent=4882"}],"wp:term":[{"taxonomy":"category","embeddable":true,"href":"https:\/\/lyceedechamalieres.fr\/index.php?rest_route=%2Fwp%2Fv2%2Fcategories&post=4882"},{"taxonomy":"post_tag","embeddable":true,"href":"https:\/\/lyceedechamalieres.fr\/index.php?rest_route=%2Fwp%2Fv2%2Ftags&post=4882"}],"curies":[{"name":"wp","href":"https:\/\/api.w.org\/{rel}","templated":true}]}}