{"id":502,"date":"2010-05-17T14:51:29","date_gmt":"2010-05-17T12:51:29","guid":{"rendered":"http:\/\/s141058958.onlinehome.fr\/wp\/?p=502"},"modified":"2011-05-11T14:53:35","modified_gmt":"2011-05-11T12:53:35","slug":"affiches-pour-une-piece-de-theatre","status":"publish","type":"post","link":"https:\/\/lyceedechamalieres.fr\/?p=502","title":{"rendered":"Affiches pour une pi\u00e8ce de th\u00e9\u00e2tre"},"content":{"rendered":"<p>Voici les affiches r\u00e9alis\u00e9es par les \u00e9l\u00e8ves de secondes de la classe d&rsquo;arts visuels (3 heures de cours par semaine), suite \u00e0 une demande du coll\u00e8ge Teilhard de Chardin pour une pi\u00e8ce de th\u00e9\u00e2tre r\u00e9alis\u00e9e par les \u00e9l\u00e8ves du coll\u00e8ge, et pour conforter \u00e9galement les liens entre coll\u00e8ge et lyc\u00e9e.<br \/>\nDes \u00e9l\u00e8ves du coll\u00e8ge vont venir voir la salle d&rsquo;arts visuels le 28 mai, pour des inscriptions pour la rentr\u00e9e de septembre dans la section.<!--more--><\/p>\n<p><embed type=\"application\/x-shockwave-flash\" width=\"600\" height=\"400\" src=\"https:\/\/picasaweb.google.com\/s\/c\/bin\/slideshow.swf\" flashvars=\"host=picasaweb.google.com&amp;hl=fr&amp;feat=flashalbum&amp;RGB=0xFFFFFF&amp;feed=https%3A%2F%2Fpicasaweb.google.com%2Fdata%2Ffeed%2Fapi%2Fuser%2F101204773722014584810%2Falbumid%2F5604690699016230001%3Falt%3Drss%26kind%3Dphoto%26hl%3Dfr\" pluginspage=\"http:\/\/www.macromedia.com\/go\/getflashplayer\"><\/embed><\/p>\n","protected":false},"excerpt":{"rendered":"<p>Voici les affiches r\u00e9alis\u00e9es par les \u00e9l\u00e8ves de secondes de la classe d&rsquo;arts visuels (3 heures de cours par semaine), suite \u00e0 une demande du [&#8230;]<\/p>\n","protected":false},"author":1,"featured_media":0,"comment_status":"closed","ping_status":"open","sticky":false,"template":"","format":"standard","meta":{"footnotes":""},"categories":[9],"tags":[26,32],"class_list":["post-502","post","type-post","status-publish","format-standard","hentry","category-arts-plastiques","tag-art","tag-theatre"],"_links":{"self":[{"href":"https:\/\/lyceedechamalieres.fr\/index.php?rest_route=\/wp\/v2\/posts\/502","targetHints":{"allow":["GET"]}}],"collection":[{"href":"https:\/\/lyceedechamalieres.fr\/index.php?rest_route=\/wp\/v2\/posts"}],"about":[{"href":"https:\/\/lyceedechamalieres.fr\/index.php?rest_route=\/wp\/v2\/types\/post"}],"author":[{"embeddable":true,"href":"https:\/\/lyceedechamalieres.fr\/index.php?rest_route=\/wp\/v2\/users\/1"}],"replies":[{"embeddable":true,"href":"https:\/\/lyceedechamalieres.fr\/index.php?rest_route=%2Fwp%2Fv2%2Fcomments&post=502"}],"version-history":[{"count":1,"href":"https:\/\/lyceedechamalieres.fr\/index.php?rest_route=\/wp\/v2\/posts\/502\/revisions"}],"predecessor-version":[{"id":503,"href":"https:\/\/lyceedechamalieres.fr\/index.php?rest_route=\/wp\/v2\/posts\/502\/revisions\/503"}],"wp:attachment":[{"href":"https:\/\/lyceedechamalieres.fr\/index.php?rest_route=%2Fwp%2Fv2%2Fmedia&parent=502"}],"wp:term":[{"taxonomy":"category","embeddable":true,"href":"https:\/\/lyceedechamalieres.fr\/index.php?rest_route=%2Fwp%2Fv2%2Fcategories&post=502"},{"taxonomy":"post_tag","embeddable":true,"href":"https:\/\/lyceedechamalieres.fr\/index.php?rest_route=%2Fwp%2Fv2%2Ftags&post=502"}],"curies":[{"name":"wp","href":"https:\/\/api.w.org\/{rel}","templated":true}]}}