{"id":5792,"date":"2015-12-18T06:31:42","date_gmt":"2015-12-18T05:31:42","guid":{"rendered":"http:\/\/www.lyceedechamalieres.fr\/?p=5792"},"modified":"2016-01-02T11:11:46","modified_gmt":"2016-01-02T10:11:46","slug":"message-a-lensemble-des-personnels-des-eleves-et-leurs-parents","status":"publish","type":"post","link":"https:\/\/lyceedechamalieres.fr\/?p=5792","title":{"rendered":"Message de fin d&rsquo;ann\u00e9e"},"content":{"rendered":"<p><img loading=\"lazy\" decoding=\"async\" class=\"alignleft  wp-image-5801\" src=\"http:\/\/www.lyceedechamalieres.fr\/wp-content\/uploads\/2015\/12\/jf.jpg\" alt=\"jf\" width=\"145\" height=\"125\" srcset=\"https:\/\/lyceedechamalieres.fr\/wp-content\/uploads\/2015\/12\/jf.jpg 299w, https:\/\/lyceedechamalieres.fr\/wp-content\/uploads\/2015\/12\/jf-50x43.jpg 50w\" sizes=\"auto, (max-width: 145px) 100vw, 145px\" \/><strong>A l&rsquo;ensemble des personnels du lyc\u00e9e, des \u00e9l\u00e8ves et leurs parents<\/strong><\/p>\n<p>L&rsquo;ensemble de l&rsquo;\u00e9quipe de direction se joint \u00e0 moi pour vous souhaiter de belles f\u00eates de fin d&rsquo;ann\u00e9e dans la joie et la s\u00e9r\u00e9nit\u00e9 parmi ceux qui vous sont chers.<br \/>\nKarine NATALE, Proviseur<\/p>\n","protected":false},"excerpt":{"rendered":"<p>A l&rsquo;ensemble des personnels du lyc\u00e9e, des \u00e9l\u00e8ves et leurs parents L&rsquo;ensemble de l&rsquo;\u00e9quipe de direction se joint \u00e0 moi pour vous souhaiter de belles [&#8230;]<\/p>\n","protected":false},"author":1,"featured_media":0,"comment_status":"closed","ping_status":"closed","sticky":false,"template":"","format":"standard","meta":{"footnotes":""},"categories":[7],"tags":[88],"class_list":["post-5792","post","type-post","status-publish","format-standard","hentry","category-actualites","tag-actualites"],"_links":{"self":[{"href":"https:\/\/lyceedechamalieres.fr\/index.php?rest_route=\/wp\/v2\/posts\/5792","targetHints":{"allow":["GET"]}}],"collection":[{"href":"https:\/\/lyceedechamalieres.fr\/index.php?rest_route=\/wp\/v2\/posts"}],"about":[{"href":"https:\/\/lyceedechamalieres.fr\/index.php?rest_route=\/wp\/v2\/types\/post"}],"author":[{"embeddable":true,"href":"https:\/\/lyceedechamalieres.fr\/index.php?rest_route=\/wp\/v2\/users\/1"}],"replies":[{"embeddable":true,"href":"https:\/\/lyceedechamalieres.fr\/index.php?rest_route=%2Fwp%2Fv2%2Fcomments&post=5792"}],"version-history":[{"count":6,"href":"https:\/\/lyceedechamalieres.fr\/index.php?rest_route=\/wp\/v2\/posts\/5792\/revisions"}],"predecessor-version":[{"id":5802,"href":"https:\/\/lyceedechamalieres.fr\/index.php?rest_route=\/wp\/v2\/posts\/5792\/revisions\/5802"}],"wp:attachment":[{"href":"https:\/\/lyceedechamalieres.fr\/index.php?rest_route=%2Fwp%2Fv2%2Fmedia&parent=5792"}],"wp:term":[{"taxonomy":"category","embeddable":true,"href":"https:\/\/lyceedechamalieres.fr\/index.php?rest_route=%2Fwp%2Fv2%2Fcategories&post=5792"},{"taxonomy":"post_tag","embeddable":true,"href":"https:\/\/lyceedechamalieres.fr\/index.php?rest_route=%2Fwp%2Fv2%2Ftags&post=5792"}],"curies":[{"name":"wp","href":"https:\/\/api.w.org\/{rel}","templated":true}]}}