{"id":6439,"date":"2016-06-22T06:09:50","date_gmt":"2016-06-22T04:09:50","guid":{"rendered":"http:\/\/www.lyceedechamalieres.fr\/?p=6439"},"modified":"2016-09-21T08:00:52","modified_gmt":"2016-09-21T06:00:52","slug":"rentree-scolaire-2016-2017","status":"publish","type":"post","link":"https:\/\/lyceedechamalieres.fr\/?p=6439","title":{"rendered":"Rentr\u00e9e scolaire 2016 2017"},"content":{"rendered":"<p><img loading=\"lazy\" decoding=\"async\" class=\"alignleft wp-image-6363\" src=\"http:\/\/www.lyceedechamalieres.fr\/wp-content\/uploads\/2016\/05\/logo-150x150.png\" alt=\"logo\" width=\"116\" height=\"116\" srcset=\"https:\/\/lyceedechamalieres.fr\/wp-content\/uploads\/2016\/05\/logo-150x150.png 150w, https:\/\/lyceedechamalieres.fr\/wp-content\/uploads\/2016\/05\/logo-144x144.png 144w\" sizes=\"auto, (max-width: 116px) 100vw, 116px\" \/>Retrouvez toutes les informations concernant la rentr\u00e9e scolaire 2016-2017 <a href=\"http:\/\/www.lyceedechamalieres.fr\/?page_id=4408\"><strong>en cliquant sur ce lien<\/strong><\/a> : les modalit\u00e9s d&rsquo;inscription en classe de Seconde, les fiches d&rsquo;aide permettant d&rsquo;\u00e9clairer les familles et les \u00e9l\u00e8ves, le calendrier de rentr\u00e9e pour chaque classe (entre le 1er et le 19 septembre).<!--more--><\/p>\n<p>&nbsp;<\/p>\n<h5>Prises de mesure des tenues professionnelles<\/h5>\n<p>Merci de noter que les prises de mesure peuvent \u00eatre r\u00e9alis\u00e9es au magasin LECLERC SARL (9 bis Rue Nestor Perret, 63000 Clermont-Ferrand) durant l&rsquo;\u00e9t\u00e9, en semaine sauf les lundi 1er et 8 ao\u00fbt 2016.<\/p>\n","protected":false},"excerpt":{"rendered":"<p>Retrouvez toutes les informations concernant la rentr\u00e9e scolaire 2016-2017 en cliquant sur ce lien : les modalit\u00e9s d&rsquo;inscription en classe de Seconde, les fiches d&rsquo;aide [&#8230;]<\/p>\n","protected":false},"author":1,"featured_media":0,"comment_status":"closed","ping_status":"closed","sticky":false,"template":"","format":"standard","meta":{"footnotes":""},"categories":[7],"tags":[88],"class_list":["post-6439","post","type-post","status-publish","format-standard","hentry","category-actualites","tag-actualites"],"_links":{"self":[{"href":"https:\/\/lyceedechamalieres.fr\/index.php?rest_route=\/wp\/v2\/posts\/6439","targetHints":{"allow":["GET"]}}],"collection":[{"href":"https:\/\/lyceedechamalieres.fr\/index.php?rest_route=\/wp\/v2\/posts"}],"about":[{"href":"https:\/\/lyceedechamalieres.fr\/index.php?rest_route=\/wp\/v2\/types\/post"}],"author":[{"embeddable":true,"href":"https:\/\/lyceedechamalieres.fr\/index.php?rest_route=\/wp\/v2\/users\/1"}],"replies":[{"embeddable":true,"href":"https:\/\/lyceedechamalieres.fr\/index.php?rest_route=%2Fwp%2Fv2%2Fcomments&post=6439"}],"version-history":[{"count":6,"href":"https:\/\/lyceedechamalieres.fr\/index.php?rest_route=\/wp\/v2\/posts\/6439\/revisions"}],"predecessor-version":[{"id":6495,"href":"https:\/\/lyceedechamalieres.fr\/index.php?rest_route=\/wp\/v2\/posts\/6439\/revisions\/6495"}],"wp:attachment":[{"href":"https:\/\/lyceedechamalieres.fr\/index.php?rest_route=%2Fwp%2Fv2%2Fmedia&parent=6439"}],"wp:term":[{"taxonomy":"category","embeddable":true,"href":"https:\/\/lyceedechamalieres.fr\/index.php?rest_route=%2Fwp%2Fv2%2Fcategories&post=6439"},{"taxonomy":"post_tag","embeddable":true,"href":"https:\/\/lyceedechamalieres.fr\/index.php?rest_route=%2Fwp%2Fv2%2Ftags&post=6439"}],"curies":[{"name":"wp","href":"https:\/\/api.w.org\/{rel}","templated":true}]}}