{"id":6572,"date":"2016-09-29T06:34:53","date_gmt":"2016-09-29T04:34:53","guid":{"rendered":"http:\/\/www.lyceedechamalieres.fr\/?p=6572"},"modified":"2016-09-29T06:43:24","modified_gmt":"2016-09-29T04:43:24","slug":"les-cordons-bleus-a-lecole","status":"publish","type":"post","link":"https:\/\/lyceedechamalieres.fr\/?p=6572","title":{"rendered":"Les Cordons Bleus \u00e0 l&rsquo;Ecole"},"content":{"rendered":"<p><img loading=\"lazy\" decoding=\"async\" class=\"alignleft size-thumbnail wp-image-6573\" src=\"http:\/\/www.lyceedechamalieres.fr\/wp-content\/uploads\/2016\/09\/img-150x150.jpg\" alt=\"img\" width=\"150\" height=\"150\" srcset=\"https:\/\/lyceedechamalieres.fr\/wp-content\/uploads\/2016\/09\/img-150x150.jpg 150w, https:\/\/lyceedechamalieres.fr\/wp-content\/uploads\/2016\/09\/img-144x144.jpg 144w\" sizes=\"auto, (max-width: 150px) 100vw, 150px\" \/>Philippe Viallon et Patricia Farat \u00e9taient en direct du lyc\u00e9e, \u00e0 l&rsquo;occasion de la f\u00eate de la gastronomie, dans le cadre de leur \u00e9mission quotidienne \u00ab\u00a0Les Cordons bleus\u00a0\u00bb sur France Bleu Pays d&rsquo;Auvergne.<!--more--><br \/>\nIls ont rencontr\u00e9s, durant les travaux pratiques de Cuisine :<br \/>\n&#8211; Jean-Luc FREMAUX et ses \u00e9l\u00e8ves de 2\u00e8me ann\u00e9e de BTS Cuisine,<br \/>\n&#8211; Patrick RECASENS et ses \u00e9l\u00e8ves de 1\u00e8re Professionnelle Cuisine,<br \/>\n&#8211; Philippe GAILLARDIN et ses \u00e9l\u00e8ves de 1\u00e8re Technologie H\u00f4tellerie Restauration,<br \/>\n&#8211; Fr\u00e9d\u00e9ric HURET et ses \u00e9l\u00e8ves de seconde Professionnelle Cuisine,<br \/>\n&#8211; Laurent JURY, Toque d&rsquo;Auvergne, chef cuisinier de la Belle Meuni\u00e8re \u00e0 Royat.<\/p>\n<p>&nbsp;<\/p>\n<p>Cliquer pour voir l&rsquo;album photo :<br \/>\n<a href=\"https:\/\/goo.gl\/photos\/TTgKkx44dUjidQgu7\" target=\"_blank&quot;\"><img loading=\"lazy\" decoding=\"async\" class=\"alignnone wp-image-6388 size-full\" src=\"http:\/\/www.lyceedechamalieres.fr\/wp-content\/uploads\/2016\/09\/alb.png\" width=\"467\" height=\"310\" \/><\/a><\/p>\n<p>&nbsp;<\/p>\n<p>Retrouver la page de l&rsquo;\u00e9mission \u00ab\u00a0Les Cordons Bleus\u00a0\u00bb\u00a0sur\u00a0<a href=\"https:\/\/www.francebleu.fr\/emissions\/10h00-11h00-les-cordons-bleus\/pays-d-auvergne\/les-cordons-bleus-54\" target=\"_blank\">www.francebleu.fr<\/a><br \/>\nEcouter et t\u00e9l\u00e9charger les fichiers mp3 :<\/p>\n<p><img loading=\"lazy\" decoding=\"async\" class=\"size-thumbnail wp-image-6575 alignleft\" src=\"http:\/\/www.lyceedechamalieres.fr\/wp-content\/uploads\/2016\/09\/cover170x170-150x150.jpeg\" alt=\"cover170x170\" width=\"150\" height=\"150\" srcset=\"https:\/\/lyceedechamalieres.fr\/wp-content\/uploads\/2016\/09\/cover170x170-150x150.jpeg 150w, https:\/\/lyceedechamalieres.fr\/wp-content\/uploads\/2016\/09\/cover170x170-144x144.jpeg 144w, https:\/\/lyceedechamalieres.fr\/wp-content\/uploads\/2016\/09\/cover170x170-50x50.jpeg 50w, https:\/\/lyceedechamalieres.fr\/wp-content\/uploads\/2016\/09\/cover170x170.jpeg 170w\" sizes=\"auto, (max-width: 150px) 100vw, 150px\" \/><\/p>\n<p><a href=\"http:\/\/rf.proxycast.org\/1210882098647277568\/15337-19.09.2016-ITEMA_21080560-0.mp3\" target=\"_blank\"><br \/>\nEmission du 19.09.2016.mp3<\/a><br \/>\n<a href=\"http:\/\/rf.proxycast.org\/1211246346254688256\/15337-20.09.2016-ITEMA_21081664-0.mp3\" target=\"_blank\">Emission du 20.09.2016.mp3<\/a><br \/>\n<a href=\"http:\/\/rf.proxycast.org\/1211617603722682368\/15337-21.09.2016-ITEMA_21082768-0.mp3\" target=\"_blank\">Emission du 21.09.2016.mp3<\/a><br \/>\n<a href=\"http:\/\/rf.proxycast.org\/1211991132670533632\/15337-22.09.2016-ITEMA_21083859-0.mp3\" target=\"_blank\">Emission du 22.09.2016.mp3<\/a><br \/>\n<a href=\"http:\/\/rf.proxycast.org\/1212525499817926656\/15337-23.09.2016-ITEMA_21085020-0.mp3\" target=\"_blank\">Emission du 23.09.2016.mp3<\/a><\/p>\n<p>Source du flux : radiofrance-podcast.net\/podcast09\/rss_15337.xml<\/p>\n<p>&nbsp;<\/p>\n","protected":false},"excerpt":{"rendered":"<p>Philippe Viallon et Patricia Farat \u00e9taient en direct du lyc\u00e9e, \u00e0 l&rsquo;occasion de la f\u00eate de la gastronomie, dans le cadre de leur \u00e9mission quotidienne [&#8230;]<\/p>\n","protected":false},"author":1,"featured_media":0,"comment_status":"closed","ping_status":"closed","sticky":false,"template":"","format":"standard","meta":{"footnotes":""},"categories":[16],"tags":[47,41],"class_list":["post-6572","post","type-post","status-publish","format-standard","hentry","category-hotellerie","tag-gastronomie","tag-rencontre"],"_links":{"self":[{"href":"https:\/\/lyceedechamalieres.fr\/index.php?rest_route=\/wp\/v2\/posts\/6572","targetHints":{"allow":["GET"]}}],"collection":[{"href":"https:\/\/lyceedechamalieres.fr\/index.php?rest_route=\/wp\/v2\/posts"}],"about":[{"href":"https:\/\/lyceedechamalieres.fr\/index.php?rest_route=\/wp\/v2\/types\/post"}],"author":[{"embeddable":true,"href":"https:\/\/lyceedechamalieres.fr\/index.php?rest_route=\/wp\/v2\/users\/1"}],"replies":[{"embeddable":true,"href":"https:\/\/lyceedechamalieres.fr\/index.php?rest_route=%2Fwp%2Fv2%2Fcomments&post=6572"}],"version-history":[{"count":9,"href":"https:\/\/lyceedechamalieres.fr\/index.php?rest_route=\/wp\/v2\/posts\/6572\/revisions"}],"predecessor-version":[{"id":6604,"href":"https:\/\/lyceedechamalieres.fr\/index.php?rest_route=\/wp\/v2\/posts\/6572\/revisions\/6604"}],"wp:attachment":[{"href":"https:\/\/lyceedechamalieres.fr\/index.php?rest_route=%2Fwp%2Fv2%2Fmedia&parent=6572"}],"wp:term":[{"taxonomy":"category","embeddable":true,"href":"https:\/\/lyceedechamalieres.fr\/index.php?rest_route=%2Fwp%2Fv2%2Fcategories&post=6572"},{"taxonomy":"post_tag","embeddable":true,"href":"https:\/\/lyceedechamalieres.fr\/index.php?rest_route=%2Fwp%2Fv2%2Ftags&post=6572"}],"curies":[{"name":"wp","href":"https:\/\/api.w.org\/{rel}","templated":true}]}}