{"id":7059,"date":"2017-05-14T18:12:15","date_gmt":"2017-05-14T16:12:15","guid":{"rendered":"http:\/\/www.lyceedechamalieres.fr\/?p=7059"},"modified":"2017-05-16T11:31:27","modified_gmt":"2017-05-16T09:31:27","slug":"sensibilisation-a-la-pratique-photographique","status":"publish","type":"post","link":"https:\/\/lyceedechamalieres.fr\/?p=7059","title":{"rendered":"Sensibilisation \u00e0 la pratique photographique"},"content":{"rendered":"<p><img loading=\"lazy\" decoding=\"async\" class=\"alignleft size-thumbnail wp-image-7060\" src=\"http:\/\/www.lyceedechamalieres.fr\/wp-content\/uploads\/2017\/05\/laurahi-150x150.jpg\" alt=\"\" width=\"150\" height=\"150\" srcset=\"https:\/\/lyceedechamalieres.fr\/wp-content\/uploads\/2017\/05\/laurahi-150x150.jpg 150w, https:\/\/lyceedechamalieres.fr\/wp-content\/uploads\/2017\/05\/laurahi-144x144.jpg 144w\" sizes=\"auto, (max-width: 150px) 100vw, 150px\" \/>La sensibilisation \u00e0 la pratique photographique est l\u2019un des axes privil\u00e9gi\u00e9 dans l\u2019enseignement des arts plastiques au lyc\u00e9e d\u2019enseignement g\u00e9n\u00e9ral et au lyc\u00e9e des m\u00e9tiers de l\u2019h\u00f4tellerie de la restauration et du tourisme de Chamali\u00e8res.<!--more--><br \/>\nPour mettre en pratique cette recherche sur l\u2019image deux concours ont \u00e9t\u00e9 propos\u00e9s durant l\u2019ann\u00e9e scolaire par le professeur d\u2019arts plastiques : l\u2019un initi\u00e9 par CHAMID63 et son directeur Eric SPINA et l\u2019autre par le journal l\u2019\u00e9tudiant.<\/p>\n<p>Ce dernier a donn\u00e9 un prix choisi par un jury de professionnels \u00e0 LAURA HILLAIRET, \u00e9l\u00e8ve de premi\u00e8re S sur le th\u00e8me \u00ab\u00a0Le go\u00fbt\u00a0\u00bb avec la photographie de ses grand-parents intitul\u00e9e \u00ab\u00a0je n\u2019aime pas le miel\u00a0\u00bb.<\/p>\n<p>Elle avait d\u00e9j\u00e0 \u00e9t\u00e9 s\u00e9lectionn\u00e9e pour le concours de CHAMID.<\/p>\n<p>Il reste \u00e0 attendre la s\u00e9lection pour le concours l\u2019\u00e9tudiant en finale avec les 10 participants s\u00e9lectionn\u00e9es sur les cinq sens en cours d\u2019ann\u00e9e pour savoir si la jeune lyc\u00e9enne aura la chance de gagner un appareil photo et de nombreux avantages lors des rencontres d\u2019Arles.<\/p>\n<p>En savoir plus : <a href=\"http:\/\/blog.letudiant.fr\/concours-photo-de-letudiant-2017\/\" target=\"_blank\" rel=\"noopener noreferrer\">blog.letudiant.fr\/concours-photo-de-letudiant-2017\/<\/a><\/p>\n<p>&nbsp;<\/p>\n<p><img loading=\"lazy\" decoding=\"async\" class=\"alignnone size-medium wp-image-7074\" src=\"http:\/\/www.lyceedechamalieres.fr\/wp-content\/uploads\/2017\/05\/laura-263x300.png\" alt=\"\" width=\"263\" height=\"300\" srcset=\"https:\/\/lyceedechamalieres.fr\/wp-content\/uploads\/2017\/05\/laura-263x300.png 263w, https:\/\/lyceedechamalieres.fr\/wp-content\/uploads\/2017\/05\/laura.png 500w\" sizes=\"auto, (max-width: 263px) 100vw, 263px\" \/><br \/>\n<em>Laura Hillairet, \u00e9l\u00e8ve de premi\u00e8re S<\/em><\/p>\n<p><a href=\"http:\/\/www.lyceedechamalieres.fr\/wp-content\/uploads\/2017\/05\/laurahi.jpg\"><img loading=\"lazy\" decoding=\"async\" class=\"alignnone wp-image-7060\" src=\"http:\/\/www.lyceedechamalieres.fr\/wp-content\/uploads\/2017\/05\/laurahi-1024x682.jpg\" alt=\"\" width=\"644\" height=\"429\" srcset=\"https:\/\/lyceedechamalieres.fr\/wp-content\/uploads\/2017\/05\/laurahi.jpg 1024w, https:\/\/lyceedechamalieres.fr\/wp-content\/uploads\/2017\/05\/laurahi-300x200.jpg 300w, https:\/\/lyceedechamalieres.fr\/wp-content\/uploads\/2017\/05\/laurahi-768x512.jpg 768w, https:\/\/lyceedechamalieres.fr\/wp-content\/uploads\/2017\/05\/laurahi-600x400.jpg 600w\" sizes=\"auto, (max-width: 644px) 100vw, 644px\" \/><br \/>\n<\/a><em>Photo de Laura Hillairet \u00a0s\u00e9lectionn\u00e9e pour le concours de photographies 2017 sur le th\u00e8me du go\u00fbt<\/em><\/p>\n<p><a href=\"http:\/\/www.lyceedechamalieres.fr\/wp-content\/uploads\/2017\/05\/IMG_4330.jpg\"><img loading=\"lazy\" decoding=\"async\" class=\"alignnone size-full wp-image-7061\" src=\"http:\/\/www.lyceedechamalieres.fr\/wp-content\/uploads\/2017\/05\/IMG_4330.jpg\" alt=\"\" width=\"640\" height=\"427\" srcset=\"https:\/\/lyceedechamalieres.fr\/wp-content\/uploads\/2017\/05\/IMG_4330.jpg 640w, https:\/\/lyceedechamalieres.fr\/wp-content\/uploads\/2017\/05\/IMG_4330-300x200.jpg 300w, https:\/\/lyceedechamalieres.fr\/wp-content\/uploads\/2017\/05\/IMG_4330-600x400.jpg 600w\" sizes=\"auto, (max-width: 640px) 100vw, 640px\" \/><br \/>\n<\/a><em>Laura Hillairet avait d\u00e9j\u00e0 fait partie des s\u00e9lectionn\u00e9s avec cette photo retenue pour Chamid63<br \/>\n(expos\u00e9e actuellement dans le hall du lyc\u00e9e)<\/em><\/p>\n","protected":false},"excerpt":{"rendered":"<p>La sensibilisation \u00e0 la pratique photographique est l\u2019un des axes privil\u00e9gi\u00e9 dans l\u2019enseignement des arts plastiques au lyc\u00e9e d\u2019enseignement g\u00e9n\u00e9ral et au lyc\u00e9e des m\u00e9tiers [&#8230;]<\/p>\n","protected":false},"author":1,"featured_media":0,"comment_status":"closed","ping_status":"closed","sticky":false,"template":"","format":"standard","meta":{"footnotes":""},"categories":[9],"tags":[26],"class_list":["post-7059","post","type-post","status-publish","format-standard","hentry","category-arts-plastiques","tag-art"],"_links":{"self":[{"href":"https:\/\/lyceedechamalieres.fr\/index.php?rest_route=\/wp\/v2\/posts\/7059","targetHints":{"allow":["GET"]}}],"collection":[{"href":"https:\/\/lyceedechamalieres.fr\/index.php?rest_route=\/wp\/v2\/posts"}],"about":[{"href":"https:\/\/lyceedechamalieres.fr\/index.php?rest_route=\/wp\/v2\/types\/post"}],"author":[{"embeddable":true,"href":"https:\/\/lyceedechamalieres.fr\/index.php?rest_route=\/wp\/v2\/users\/1"}],"replies":[{"embeddable":true,"href":"https:\/\/lyceedechamalieres.fr\/index.php?rest_route=%2Fwp%2Fv2%2Fcomments&post=7059"}],"version-history":[{"count":4,"href":"https:\/\/lyceedechamalieres.fr\/index.php?rest_route=\/wp\/v2\/posts\/7059\/revisions"}],"predecessor-version":[{"id":7076,"href":"https:\/\/lyceedechamalieres.fr\/index.php?rest_route=\/wp\/v2\/posts\/7059\/revisions\/7076"}],"wp:attachment":[{"href":"https:\/\/lyceedechamalieres.fr\/index.php?rest_route=%2Fwp%2Fv2%2Fmedia&parent=7059"}],"wp:term":[{"taxonomy":"category","embeddable":true,"href":"https:\/\/lyceedechamalieres.fr\/index.php?rest_route=%2Fwp%2Fv2%2Fcategories&post=7059"},{"taxonomy":"post_tag","embeddable":true,"href":"https:\/\/lyceedechamalieres.fr\/index.php?rest_route=%2Fwp%2Fv2%2Ftags&post=7059"}],"curies":[{"name":"wp","href":"https:\/\/api.w.org\/{rel}","templated":true}]}}