{"id":7134,"date":"2017-06-07T09:09:14","date_gmt":"2017-06-07T07:09:14","guid":{"rendered":"http:\/\/www.lyceedechamalieres.fr\/?p=7134"},"modified":"2018-02-02T13:37:21","modified_gmt":"2018-02-02T12:37:21","slug":"dispositif-pass-region-pour-les-lyceens","status":"publish","type":"post","link":"https:\/\/lyceedechamalieres.fr\/?p=7134","title":{"rendered":"Dispositif \u00ab\u00a0Pass&rsquo;R\u00e9gion\u00a0\u00bb pour les lyc\u00e9ens"},"content":{"rendered":"<p><img loading=\"lazy\" decoding=\"async\" class=\"alignleft size-thumbnail wp-image-7135\" src=\"http:\/\/www.lyceedechamalieres.fr\/wp-content\/uploads\/2017\/06\/cartepassregion-150x150.jpg\" alt=\"\" width=\"150\" height=\"150\" srcset=\"https:\/\/lyceedechamalieres.fr\/wp-content\/uploads\/2017\/06\/cartepassregion-150x150.jpg 150w, https:\/\/lyceedechamalieres.fr\/wp-content\/uploads\/2017\/06\/cartepassregion-144x144.jpg 144w\" sizes=\"auto, (max-width: 150px) 100vw, 150px\" \/>La R\u00e9gion \u00e9tend \u00e0 l&rsquo;Auvergne, tout en l&rsquo;am\u00e9liorant, un dispositif d&rsquo;aides aux lyc\u00e9ens et apprentis qui existait en Rh\u00f4ne-Alpes. Ce Pass&rsquo;R\u00e9gion, mise en place d\u00e8s le 22 mai, sera valable \u00e0 partir de la prochaine rentr\u00e9e. <!--more--><br \/>\nCette carte sera op\u00e9rationnelle \u00e0 la rentr\u00e9e, mais d\u00e8s le 22 mai, les lyc\u00e9ens qui souhaitent se la procurer pourront s&rsquo;inscrire sur le site internet d\u00e9di\u00e9 ou t\u00e9l\u00e9charger l&rsquo;application Pass&rsquo;R\u00e9gion pour effectuer la d\u00e9marche.<br \/>\nSite internet : <a href=\"https:\/\/jeunes.auvergnerhonealpes.fr\/\" target=\"_blank\" rel=\"noopener noreferrer\">jeunes.auvergnerhonealpes.fr<\/a><\/p>\n<a href=\"\/_pdf\/pass.pdf\" class=\"pdfemb-viewer\" style=\"\" data-width=\"max\" data-height=\"max\" data-mobile-width=\"500\"  data-scrollbar=\"none\" data-download=\"on\" data-tracking=\"on\" data-newwindow=\"on\" data-pagetextbox=\"off\" data-scrolltotop=\"off\" data-startzoom=\"100\" data-startfpzoom=\"100\" data-toolbar=\"both\" data-toolbar-fixed=\"off\">pass<br\/><\/a>\n","protected":false},"excerpt":{"rendered":"<p>La R\u00e9gion \u00e9tend \u00e0 l&rsquo;Auvergne, tout en l&rsquo;am\u00e9liorant, un dispositif d&rsquo;aides aux lyc\u00e9ens et apprentis qui existait en Rh\u00f4ne-Alpes. Ce Pass&rsquo;R\u00e9gion, mise en place d\u00e8s [&#8230;]<\/p>\n","protected":false},"author":1,"featured_media":0,"comment_status":"closed","ping_status":"closed","sticky":false,"template":"","format":"standard","meta":{"footnotes":""},"categories":[7],"tags":[88],"class_list":["post-7134","post","type-post","status-publish","format-standard","hentry","category-actualites","tag-actualites"],"_links":{"self":[{"href":"https:\/\/lyceedechamalieres.fr\/index.php?rest_route=\/wp\/v2\/posts\/7134","targetHints":{"allow":["GET"]}}],"collection":[{"href":"https:\/\/lyceedechamalieres.fr\/index.php?rest_route=\/wp\/v2\/posts"}],"about":[{"href":"https:\/\/lyceedechamalieres.fr\/index.php?rest_route=\/wp\/v2\/types\/post"}],"author":[{"embeddable":true,"href":"https:\/\/lyceedechamalieres.fr\/index.php?rest_route=\/wp\/v2\/users\/1"}],"replies":[{"embeddable":true,"href":"https:\/\/lyceedechamalieres.fr\/index.php?rest_route=%2Fwp%2Fv2%2Fcomments&post=7134"}],"version-history":[{"count":5,"href":"https:\/\/lyceedechamalieres.fr\/index.php?rest_route=\/wp\/v2\/posts\/7134\/revisions"}],"predecessor-version":[{"id":7702,"href":"https:\/\/lyceedechamalieres.fr\/index.php?rest_route=\/wp\/v2\/posts\/7134\/revisions\/7702"}],"wp:attachment":[{"href":"https:\/\/lyceedechamalieres.fr\/index.php?rest_route=%2Fwp%2Fv2%2Fmedia&parent=7134"}],"wp:term":[{"taxonomy":"category","embeddable":true,"href":"https:\/\/lyceedechamalieres.fr\/index.php?rest_route=%2Fwp%2Fv2%2Fcategories&post=7134"},{"taxonomy":"post_tag","embeddable":true,"href":"https:\/\/lyceedechamalieres.fr\/index.php?rest_route=%2Fwp%2Fv2%2Ftags&post=7134"}],"curies":[{"name":"wp","href":"https:\/\/api.w.org\/{rel}","templated":true}]}}