{"id":7621,"date":"2018-01-26T16:42:47","date_gmt":"2018-01-26T15:42:47","guid":{"rendered":"http:\/\/www.lyceedechamalieres.fr\/?p=7621"},"modified":"2018-02-21T08:37:19","modified_gmt":"2018-02-21T07:37:19","slug":"dans-les-coulisses-du-repas-presidentiel","status":"publish","type":"post","link":"https:\/\/lyceedechamalieres.fr\/?p=7621","title":{"rendered":"Dans les coulisses du repas pr\u00e9sidentiel"},"content":{"rendered":"<p><img loading=\"lazy\" decoding=\"async\" class=\"alignleft size-thumbnail wp-image-7622\" src=\"http:\/\/www.lyceedechamalieres.fr\/wp-content\/uploads\/2018\/01\/img-3-150x150.png\" alt=\"\" width=\"150\" height=\"150\" srcset=\"https:\/\/lyceedechamalieres.fr\/wp-content\/uploads\/2018\/01\/img-3-150x150.png 150w, https:\/\/lyceedechamalieres.fr\/wp-content\/uploads\/2018\/01\/img-3-144x144.png 144w\" sizes=\"auto, (max-width: 150px) 100vw, 150px\" \/>A l\u2019occasion de son d\u00e9placement dans le Puy-de-D\u00f4me, les 25 et 26 janvier, le pr\u00e9sident de la R\u00e9publique, Emmanuel Macron, a particip\u00e9 \u00e0 un d\u00eener r\u00e9publicain au lyc\u00e9e h\u00f4telier de Chamali\u00e8res. Au menu : des produits d\u2019Auvergne. Petite revue de presse de l&rsquo;\u00e9v\u00e8nement&#8230;<!--more--><\/p>\n<p>C\u2019est le jour J, pour les 1215 \u00e9l\u00e8ves du lyc\u00e9e des m\u00e9tiers de l\u2019h\u00f4tellerie, de la restauration et du tourisme de Chamali\u00e8res, dans le Puy-de-D\u00f4me. Ce n\u2019est pas tous les jours que l\u2019on re\u00e7oit le pr\u00e9sident de la R\u00e9publique. A l\u2019occasion de sa visite de deux jours dans le d\u00e9partement, Emmanuel Macron pr\u00e9sidera un d\u00eener r\u00e9publicain au sein de l\u2019\u00e9tablissement, jeudi 25 janvier.<\/p>\n<p>Grosse pression pour les \u00e9l\u00e8ves de BTS du lyc\u00e9e. Jeudi 25 janvier, ils auront un invit\u00e9 de marque en la personne du chef de l\u2019Etat. A l\u2019occasion de sa visite de 2 jours dans le Puy-de-D\u00f4me, Emmanuel Macron, pr\u00e9sidera un d\u00eener r\u00e9publicain dans cet \u00e9tablissement. Le repas gastronomique qui sera servi aura \u00e9t\u00e9 enti\u00e8rement concoct\u00e9 par les \u00e9l\u00e8ves en 2\u00e8me ann\u00e9e de BTS cuisine.<\/p>\n<p>Autant dire que pour Fr\u00e9d\u00e9ric Huret, le chef des cuisines du lyc\u00e9e, la pression est grande. Pour recevoir le chef de l\u2019Etat, les lyc\u00e9ens devront pr\u00e9parer une centaine de repas. Si \u00e0 la table pr\u00e9sidentielle s\u2019assi\u00e9ront 16 convives, il faudra \u00e9galement restaurer les personnels techniques et de s\u00e9curit\u00e9.<\/p>\n<p>Ce menu \u00ab all\u00e9g\u00e9 et revisit\u00e9 \u00bb fera la part belle \u00e0 l\u2019Auvergne et \u00e0 ses produits du terroir. L\u2019esprit du lyc\u00e9e h\u00f4telier et de sa politique de fili\u00e8res courtes sera respect\u00e9. Ainsi, les convives se d\u00e9lecteront de choux d\u2019Auvergne, de viande de porc labellis\u00e9e\u2026 d\u2019Auvergne, de volaille d\u2019Auvergne. Le foie gras de Limagne sera \u00e9galement pr\u00e9sent sur la table pr\u00e9sidentielle. Le dessert sera pr\u00e9par\u00e9 \u00e0 base de pommes bio du Puy-de-D\u00f4me. Un repas qui sera naturellement accompagn\u00e9 de vins d\u2019Auvergne, choisis et servis par des \u00e9l\u00e8ves de la section sommellerie.<\/p>\n<p>Si pour la plupart de ces jeunes, il s\u2019agira d\u2019une premi\u00e8re, pour quatre d\u2019entre eux ce ne sera pas le cas. En effet, cette ann\u00e9e, des lyc\u00e9ens ont eu la chance de faire un stage \u00e0 l\u2019Elys\u00e9e, certains en cuisine aux c\u00f4t\u00e9s du chef, Guillaume Gomez, et d\u2019autres en service. Cette fois-ci, ils recevront le pr\u00e9sident de la R\u00e9publique \u00ab\u00a0\u00e0 la maison\u00a0\u00bb. Une satisfaction, certes, mais surtout une \u00e9norme pression.<\/p>\n<p>Grande fiert\u00e9 donc pour ce lyc\u00e9e dont 600 \u00e9l\u00e8ves ont choisi d\u2019embrasser une carri\u00e8re dans la restauration ou le tourisme. Chaque ann\u00e9e, quatre d\u2019entre eux partent en stage \u00e0 l\u2019Elys\u00e9e. Ce fut le cas pour Ismery Deschamps qui a d\u00e9couvert, en juin 2017, les cuisines du chef Guillaume Gomez. Avec ses camarades, elle a accept\u00e9 de nous faire p\u00e9n\u00e9trer dans les coulisses de ce repas pr\u00e9sidentiel.<\/p>\n<p>Sources : <a href=\"https:\/\/france3-regions.francetvinfo.fr\/auvergne-rhone-alpes\/puy-de-dome\/clermont-ferrand\/emmanuel-macron-puy-dome-suivez-nous-coulisses-du-repas-presidentiel-1408277.html\" target=\"_blank\" rel=\"noopener\">https:\/\/france3-regions.francetvinfo.fr\/auvergne-rhone-alpes\/puy-de-dome\/clermont-ferrand\/emmanuel-macron-puy-dome-suivez-nous-coulisses-du-repas-presidentiel-1408277.html<\/a><br \/>\n<a href=\"https:\/\/france3-regions.francetvinfo.fr\/auvergne-rhone-alpes\/puy-de-dome\/clermont-ferrand\/puy-dome-que-va-manger-emmanuel-macron-au-lycee-hotelier-chamalieres-1406239.html\" target=\"_blank\" rel=\"noopener\">https:\/\/france3-regions.francetvinfo.fr\/auvergne-rhone-alpes\/puy-de-dome\/clermont-ferrand\/puy-dome-que-va-manger-emmanuel-macron-au-lycee-hotelier-chamalieres-1406239.html<\/a><\/p>\n<p>Vid\u00e9os :<\/p>\n<p><iframe loading=\"lazy\" style=\"border: none; overflow: hidden;\" src=\"https:\/\/www.facebook.com\/plugins\/video.php?href=https%3A%2F%2Fwww.facebook.com%2Ffrance3auvergne%2Fvideos%2F10155803348565469%2F&amp;show_text=0&amp;width=267\" width=\"267\" height=\"476\" frameborder=\"0\" scrolling=\"no\" allowfullscreen=\"allowfullscreen\"><\/iframe><\/p>\n<p><iframe loading=\"lazy\" style=\"border: none; overflow: hidden;\" src=\"https:\/\/www.facebook.com\/plugins\/video.php?href=https%3A%2F%2Fwww.facebook.com%2Ffrance3auvergne%2Fvideos%2F10155803246995469%2F&amp;show_text=0&amp;width=267\" width=\"267\" height=\"476\" frameborder=\"0\" scrolling=\"no\" allowfullscreen=\"allowfullscreen\"><\/iframe><\/p>\n<p>Voici un diaporama des images parues dans la presse (cliquer pour voir l&rsquo;album) :<\/p>\n<p><a href=\"https:\/\/photos.app.goo.gl\/lYl48W673Phdmv5E2\" target=\"_blank\" rel=\"noopener\"><img loading=\"lazy\" decoding=\"async\" class=\"alignnone size-full wp-image-7623\" src=\"http:\/\/www.lyceedechamalieres.fr\/wp-content\/uploads\/2018\/01\/alb-3.png\" alt=\"\" width=\"800\" height=\"449\" srcset=\"https:\/\/lyceedechamalieres.fr\/wp-content\/uploads\/2018\/01\/alb-3.png 800w, https:\/\/lyceedechamalieres.fr\/wp-content\/uploads\/2018\/01\/alb-3-300x168.png 300w, https:\/\/lyceedechamalieres.fr\/wp-content\/uploads\/2018\/01\/alb-3-768x431.png 768w, https:\/\/lyceedechamalieres.fr\/wp-content\/uploads\/2018\/01\/alb-3-600x337.png 600w\" sizes=\"auto, (max-width: 800px) 100vw, 800px\" \/><\/a><\/p>\n<p>Autres liens :<\/p>\n<p><a href=\"https:\/\/www.francebleu.fr\/infos\/politique\/chamalieres-le-lycee-hotelier-en-effervescence-avant-la-venue-d-emmanuel-macron-1516787944\" target=\"_blank\" rel=\"noopener\">https:\/\/www.francebleu.fr\/infos\/politique\/chamalieres-le-lycee-hotelier-en-effervescence-avant-la-venue-d-emmanuel-macron-1516787944<\/a><\/p>\n<p><a href=\"https:\/\/www.lamontagne.fr\/chamalieres\/monde\/politique\/2018\/01\/23\/le-lycee-hotelier-de-chamalieres-se-prepare-a-recevoir-emmanuel-macron_12711222.html\" target=\"_blank\" rel=\"noopener\">https:\/\/www.lamontagne.fr\/chamalieres\/monde\/politique\/2018\/01\/23\/le-lycee-hotelier-de-chamalieres-se-prepare-a-recevoir-emmanuel-macron_12711222.html<\/a><\/p>\n<p><a href=\"https:\/\/www.lamontagne.fr\/clermont-ferrand\/politique\/puy-de-dome\/2018\/01\/22\/ce-que-l-on-sait-de-la-visite-d-emmanuel-macron-dans-le-puy-de-dome_12710044.html\" target=\"_blank\" rel=\"noopener\">https:\/\/www.lamontagne.fr\/clermont-ferrand\/politique\/puy-de-dome\/2018\/01\/22\/ce-que-l-on-sait-de-la-visite-d-emmanuel-macron-dans-le-puy-de-dome_12710044.html<\/a><\/p>\n<p><a href=\"https:\/\/www.lhotellerie-restauration.fr\/journal\/formation-ecole\/2018-02\/Emmanuel-Macron-a-dine-a-Chamalieres.htm\" target=\"_blank\" rel=\"noopener\">https:\/\/www.lhotellerie-restauration.fr\/journal\/formation-ecole\/2018-02\/Emmanuel-Macron-a-dine-a-Chamalieres.htm<\/a><\/p>\n","protected":false},"excerpt":{"rendered":"<p>A l\u2019occasion de son d\u00e9placement dans le Puy-de-D\u00f4me, les 25 et 26 janvier, le pr\u00e9sident de la R\u00e9publique, Emmanuel Macron, a particip\u00e9 \u00e0 un d\u00eener [&#8230;]<\/p>\n","protected":false},"author":1,"featured_media":0,"comment_status":"closed","ping_status":"closed","sticky":false,"template":"","format":"standard","meta":{"footnotes":""},"categories":[16],"tags":[88,47],"class_list":["post-7621","post","type-post","status-publish","format-standard","hentry","category-hotellerie","tag-actualites","tag-gastronomie"],"_links":{"self":[{"href":"https:\/\/lyceedechamalieres.fr\/index.php?rest_route=\/wp\/v2\/posts\/7621","targetHints":{"allow":["GET"]}}],"collection":[{"href":"https:\/\/lyceedechamalieres.fr\/index.php?rest_route=\/wp\/v2\/posts"}],"about":[{"href":"https:\/\/lyceedechamalieres.fr\/index.php?rest_route=\/wp\/v2\/types\/post"}],"author":[{"embeddable":true,"href":"https:\/\/lyceedechamalieres.fr\/index.php?rest_route=\/wp\/v2\/users\/1"}],"replies":[{"embeddable":true,"href":"https:\/\/lyceedechamalieres.fr\/index.php?rest_route=%2Fwp%2Fv2%2Fcomments&post=7621"}],"version-history":[{"count":5,"href":"https:\/\/lyceedechamalieres.fr\/index.php?rest_route=\/wp\/v2\/posts\/7621\/revisions"}],"predecessor-version":[{"id":7879,"href":"https:\/\/lyceedechamalieres.fr\/index.php?rest_route=\/wp\/v2\/posts\/7621\/revisions\/7879"}],"wp:attachment":[{"href":"https:\/\/lyceedechamalieres.fr\/index.php?rest_route=%2Fwp%2Fv2%2Fmedia&parent=7621"}],"wp:term":[{"taxonomy":"category","embeddable":true,"href":"https:\/\/lyceedechamalieres.fr\/index.php?rest_route=%2Fwp%2Fv2%2Fcategories&post=7621"},{"taxonomy":"post_tag","embeddable":true,"href":"https:\/\/lyceedechamalieres.fr\/index.php?rest_route=%2Fwp%2Fv2%2Ftags&post=7621"}],"curies":[{"name":"wp","href":"https:\/\/api.w.org\/{rel}","templated":true}]}}