{"id":7645,"date":"2018-02-08T18:00:44","date_gmt":"2018-02-08T17:00:44","guid":{"rendered":"http:\/\/www.lyceedechamalieres.fr\/?p=7645"},"modified":"2018-02-22T16:24:39","modified_gmt":"2018-02-22T15:24:39","slug":"message-de-mme-le-proviseur","status":"publish","type":"post","link":"https:\/\/lyceedechamalieres.fr\/?p=7645","title":{"rendered":"Message de Mme le Proviseur"},"content":{"rendered":"<p><img loading=\"lazy\" decoding=\"async\" class=\"alignleft wp-image-6363 \" src=\"http:\/\/www.lyceedechamalieres.fr\/wp-content\/uploads\/2016\/05\/logo-150x150.png\" alt=\"\" width=\"101\" height=\"101\" srcset=\"https:\/\/lyceedechamalieres.fr\/wp-content\/uploads\/2016\/05\/logo-150x150.png 150w, https:\/\/lyceedechamalieres.fr\/wp-content\/uploads\/2016\/05\/logo-144x144.png 144w\" sizes=\"auto, (max-width: 101px) 100vw, 101px\" \/>A la suite du d\u00eener r\u00e9publicain organis\u00e9 par le Pr\u00e9sident de le R\u00e9publique au lyc\u00e9e le 25 janvier, voici un message de Mme le Proviseur, accompagn\u00e9 d&rsquo;un diaporama.<!--more--><br \/>\nA cette occasion, une revue de presse et un album photo ont \u00e9t\u00e9 r\u00e9alis\u00e9s sur le site. Vous pouvez les retrouver en cliquant <a href=\"http:\/\/www.lyceedechamalieres.fr\/?p=7621\">sur ce lien<\/a>.<\/p>\n<p><a href=\"\/wowpr\/pro.pdf\" class=\"pdfemb-viewer\" style=\"\" data-width=\"max\" data-height=\"max\" data-mobile-width=\"500\"  data-scrollbar=\"none\" data-download=\"on\" data-tracking=\"on\" data-newwindow=\"on\" data-pagetextbox=\"off\" data-scrolltotop=\"off\" data-startzoom=\"100\" data-startfpzoom=\"100\" data-toolbar=\"both\" data-toolbar-fixed=\"off\">pro<br\/><\/a> En cas de difficult\u00e9 d&rsquo;affichage, vous pouvez \u00e9galement t\u00e9l\u00e9charger <a href=\"http:\/\/www.lyceedechamalieres.fr\/wowpr\/pro.pdf\" target=\"_blank\" rel=\"noopener\">le fichier .pdf directement sur ce lien<\/a>.<\/p>\n<p><iframe loading=\"lazy\" style=\"width: 650px; height: 377.5px; max-width: 100%; overflow: hidden; border: none; padding: 0; margin: 0 auto; display: block;\" src=\"\/wowpr\/wowslider.html\" width=\"300\" height=\"150\" marginwidth=\"0\" marginheight=\"0\"><\/iframe><\/p>\n","protected":false},"excerpt":{"rendered":"<p>A la suite du d\u00eener r\u00e9publicain organis\u00e9 par le Pr\u00e9sident de le R\u00e9publique au lyc\u00e9e le 25 janvier, voici un message de Mme le Proviseur, [&#8230;]<\/p>\n","protected":false},"author":1,"featured_media":0,"comment_status":"closed","ping_status":"closed","sticky":false,"template":"","format":"standard","meta":{"footnotes":""},"categories":[7,1],"tags":[88,41],"class_list":["post-7645","post","type-post","status-publish","format-standard","hentry","category-actualites","category-lycee","tag-actualites","tag-rencontre"],"_links":{"self":[{"href":"https:\/\/lyceedechamalieres.fr\/index.php?rest_route=\/wp\/v2\/posts\/7645","targetHints":{"allow":["GET"]}}],"collection":[{"href":"https:\/\/lyceedechamalieres.fr\/index.php?rest_route=\/wp\/v2\/posts"}],"about":[{"href":"https:\/\/lyceedechamalieres.fr\/index.php?rest_route=\/wp\/v2\/types\/post"}],"author":[{"embeddable":true,"href":"https:\/\/lyceedechamalieres.fr\/index.php?rest_route=\/wp\/v2\/users\/1"}],"replies":[{"embeddable":true,"href":"https:\/\/lyceedechamalieres.fr\/index.php?rest_route=%2Fwp%2Fv2%2Fcomments&post=7645"}],"version-history":[{"count":31,"href":"https:\/\/lyceedechamalieres.fr\/index.php?rest_route=\/wp\/v2\/posts\/7645\/revisions"}],"predecessor-version":[{"id":7682,"href":"https:\/\/lyceedechamalieres.fr\/index.php?rest_route=\/wp\/v2\/posts\/7645\/revisions\/7682"}],"wp:attachment":[{"href":"https:\/\/lyceedechamalieres.fr\/index.php?rest_route=%2Fwp%2Fv2%2Fmedia&parent=7645"}],"wp:term":[{"taxonomy":"category","embeddable":true,"href":"https:\/\/lyceedechamalieres.fr\/index.php?rest_route=%2Fwp%2Fv2%2Fcategories&post=7645"},{"taxonomy":"post_tag","embeddable":true,"href":"https:\/\/lyceedechamalieres.fr\/index.php?rest_route=%2Fwp%2Fv2%2Ftags&post=7645"}],"curies":[{"name":"wp","href":"https:\/\/api.w.org\/{rel}","templated":true}]}}