{"id":8026,"date":"2018-04-03T11:40:21","date_gmt":"2018-04-03T09:40:21","guid":{"rendered":"http:\/\/www.lyceedechamalieres.fr\/?p=8026"},"modified":"2018-04-05T13:14:05","modified_gmt":"2018-04-05T11:14:05","slug":"trophee-mumm-et-concours-vocation-sommelier","status":"publish","type":"post","link":"https:\/\/lyceedechamalieres.fr\/?p=8026","title":{"rendered":"Troph\u00e9e Mumm et Concours Vocation Sommelier"},"content":{"rendered":"<p><img loading=\"lazy\" decoding=\"async\" class=\"alignleft size-thumbnail wp-image-8027\" src=\"http:\/\/www.lyceedechamalieres.fr\/wp-content\/uploads\/2018\/04\/img-1-150x150.png\" alt=\"\" width=\"150\" height=\"150\" srcset=\"https:\/\/lyceedechamalieres.fr\/wp-content\/uploads\/2018\/04\/img-1-150x150.png 150w, https:\/\/lyceedechamalieres.fr\/wp-content\/uploads\/2018\/04\/img-1-144x144.png 144w\" sizes=\"auto, (max-width: 150px) 100vw, 150px\" \/>Lundi dernier, \u00e0 Reims, Corentin Aubry, 23 ans, \u00e9l\u00e8ve en sommellerie au lyc\u00e9e, a d\u00e9croch\u00e9 la premi\u00e8re place du prestigieux troph\u00e9e Mumm. Le surlendemain, \u00e0 Paris, accompagn\u00e9 de Thomas Vivant, l&rsquo;un de ses professeurs, Corentin doublait la mise<!--more--> en remportant le concours Vocation sommelier Baron Philippe de Rothschild. Il \u00e9tait suivi de pr\u00e8s par Manon Durand, 21 ans, elle aussi \u00e9l\u00e8ve chamali\u00e9roise, qui s&rsquo;adjuge la deuxi\u00e8me place. Bravo \u00e0 tous les deux !<\/p>\n<p><em>Source : La Montagne &#8211; \u00e9dition du 1 avril 2018<\/em><\/p>\n<p>En savoir plus sur le troph\u00e9e Mumm : <a href=\"http:\/\/www.hotellerie-restauration.ac-versailles.fr\/spip.php?article2966\" target=\"_blank\" rel=\"noopener\">www.hotellerie-restauration.ac-versailles.fr<\/a><\/p>\n<p>&nbsp;<\/p>\n<p><strong>Aper\u00e7u des \u00e9preuves de sommellerie :<\/strong><\/p>\n<p><iframe loading=\"lazy\" src=\"\/\/webtv.ac-versailles.fr\/restauration\/spip.php?page=iframe-video&amp;id_article=1585&amp;largeur=560&amp;hauteur=315\" width=\"580\" height=\"335\" frameborder=\"0\"><\/iframe><\/p>\n<p><strong>Interview de Corentin Aubry :<\/strong><\/p>\n<p><iframe loading=\"lazy\" src=\"\/\/webtv.ac-versailles.fr\/restauration\/spip.php?page=iframe-video&amp;id_article=1584&amp;largeur=560&amp;hauteur=315\" width=\"580\" height=\"335\" frameborder=\"0\"><\/iframe><\/p>\n<p>&nbsp;<\/p>\n<p><a href=\"http:\/\/www.lyceedechamalieres.fr\/wp-content\/uploads\/2018\/04\/photo.jpg\"><img loading=\"lazy\" decoding=\"async\" class=\"alignnone wp-image-8028\" src=\"http:\/\/www.lyceedechamalieres.fr\/wp-content\/uploads\/2018\/04\/photo-300x300.jpg\" alt=\"\" width=\"418\" height=\"418\" srcset=\"https:\/\/lyceedechamalieres.fr\/wp-content\/uploads\/2018\/04\/photo-300x300.jpg 300w, https:\/\/lyceedechamalieres.fr\/wp-content\/uploads\/2018\/04\/photo-150x150.jpg 150w, https:\/\/lyceedechamalieres.fr\/wp-content\/uploads\/2018\/04\/photo-768x768.jpg 768w, https:\/\/lyceedechamalieres.fr\/wp-content\/uploads\/2018\/04\/photo-600x600.jpg 600w, https:\/\/lyceedechamalieres.fr\/wp-content\/uploads\/2018\/04\/photo-144x144.jpg 144w, https:\/\/lyceedechamalieres.fr\/wp-content\/uploads\/2018\/04\/photo.jpg 960w\" sizes=\"auto, (max-width: 418px) 100vw, 418px\" \/><br \/>\n<\/a>Concours Vocation sommelier Baron Philippe de Rothschild<br \/>\nSource photo : <a href=\"https:\/\/www.instagram.com\/p\/Bg3Xh2GFSWB\/\" target=\"_blank\" rel=\"noopener\">instagram.com\/p\/Bg3Xh2GFSWB\/<\/a><\/p>\n","protected":false},"excerpt":{"rendered":"<p>Lundi dernier, \u00e0 Reims, Corentin Aubry, 23 ans, \u00e9l\u00e8ve en sommellerie au lyc\u00e9e, a d\u00e9croch\u00e9 la premi\u00e8re place du prestigieux troph\u00e9e Mumm. Le surlendemain, \u00e0 [&#8230;]<\/p>\n","protected":false},"author":1,"featured_media":0,"comment_status":"closed","ping_status":"closed","sticky":false,"template":"","format":"standard","meta":{"footnotes":""},"categories":[16,1],"tags":[34,49],"class_list":["post-8026","post","type-post","status-publish","format-standard","hentry","category-hotellerie","category-lycee","tag-concours","tag-oenologie"],"_links":{"self":[{"href":"https:\/\/lyceedechamalieres.fr\/index.php?rest_route=\/wp\/v2\/posts\/8026","targetHints":{"allow":["GET"]}}],"collection":[{"href":"https:\/\/lyceedechamalieres.fr\/index.php?rest_route=\/wp\/v2\/posts"}],"about":[{"href":"https:\/\/lyceedechamalieres.fr\/index.php?rest_route=\/wp\/v2\/types\/post"}],"author":[{"embeddable":true,"href":"https:\/\/lyceedechamalieres.fr\/index.php?rest_route=\/wp\/v2\/users\/1"}],"replies":[{"embeddable":true,"href":"https:\/\/lyceedechamalieres.fr\/index.php?rest_route=%2Fwp%2Fv2%2Fcomments&post=8026"}],"version-history":[{"count":6,"href":"https:\/\/lyceedechamalieres.fr\/index.php?rest_route=\/wp\/v2\/posts\/8026\/revisions"}],"predecessor-version":[{"id":8034,"href":"https:\/\/lyceedechamalieres.fr\/index.php?rest_route=\/wp\/v2\/posts\/8026\/revisions\/8034"}],"wp:attachment":[{"href":"https:\/\/lyceedechamalieres.fr\/index.php?rest_route=%2Fwp%2Fv2%2Fmedia&parent=8026"}],"wp:term":[{"taxonomy":"category","embeddable":true,"href":"https:\/\/lyceedechamalieres.fr\/index.php?rest_route=%2Fwp%2Fv2%2Fcategories&post=8026"},{"taxonomy":"post_tag","embeddable":true,"href":"https:\/\/lyceedechamalieres.fr\/index.php?rest_route=%2Fwp%2Fv2%2Ftags&post=8026"}],"curies":[{"name":"wp","href":"https:\/\/api.w.org\/{rel}","templated":true}]}}