{"id":8184,"date":"2018-06-16T16:59:02","date_gmt":"2018-06-16T14:59:02","guid":{"rendered":"http:\/\/www.lyceedechamalieres.fr\/?p=8184"},"modified":"2018-06-17T17:12:46","modified_gmt":"2018-06-17T15:12:46","slug":"concours-photo-sur-le-theme-vivre-ensemble","status":"publish","type":"post","link":"https:\/\/lyceedechamalieres.fr\/?p=8184","title":{"rendered":"Concours photo sur le th\u00e8me \u00ab Vivre ensemble \u00bb"},"content":{"rendered":"<p><img loading=\"lazy\" decoding=\"async\" class=\"alignleft size-thumbnail wp-image-8186\" src=\"http:\/\/www.lyceedechamalieres.fr\/wp-content\/uploads\/2018\/06\/img-1-150x150.jpg\" alt=\"\" width=\"150\" height=\"150\" srcset=\"https:\/\/lyceedechamalieres.fr\/wp-content\/uploads\/2018\/06\/img-1-150x150.jpg 150w, https:\/\/lyceedechamalieres.fr\/wp-content\/uploads\/2018\/06\/img-1-144x144.jpg 144w\" sizes=\"auto, (max-width: 150px) 100vw, 150px\" \/>Sur les grilles du parc Monjoly de Chamali\u00e8res le public peut voir huit photographies r\u00e9alis\u00e9es par les \u00e9l\u00e8ves inscrits en arts plastiques du lyc\u00e9e sur le th\u00e8me \u00ab Vivre ensemble \u00bb. Ce concours a \u00e9t\u00e9 propos\u00e9 par l\u2019association CHAMID 63 et son pr\u00e9sident Eric Spina.<!--more--><br \/>\nLe jury est constitu\u00e9 de professionnels de la photographie.<\/p>\n<p>Trois prix ont \u00e9t\u00e9 remis sous forme de ch\u00e8que \u00e0 :<\/p>\n<ul>\n<li>Maureen Lacourt (1\u00b0L option facultative arts plastiques, premier prix)<\/li>\n<li>No\u00e9mie MESTRE (terminale L option de sp\u00e9cialit\u00e9 arts plastiques, deuxi\u00e8me prix)<\/li>\n<li>Markus LESCURAT (terminale L option de sp\u00e9cialit\u00e9 arts plastiques, troisi\u00e8me prix)<\/li>\n<\/ul>\n<p>ainsi que de nombreux livres aux 5 autres candidats en pr\u00e9sence du maire de Chamali\u00e8res Louis Giscard d\u2019Estaing.<\/p>\n<p>En dehors de pratiquer la photographie en r\u00e9fl\u00e9chissant \u00e0 ce que veut dire \u00ab vivre ensemble \u00bb \u00e9tudi\u00e9 en classe, ce concours permet aux \u00e9l\u00e8ves de s\u2019organiser pour remplir le dossier n\u00e9cessaire \u00e0 l\u2019inscription, de s\u2019interroger sur le droit \u00e0 l\u2019image, de respecter les d\u00e9lais impartis et de s\u2019interroger sur la question de la pr\u00e9sentation d\u2019\u0153uvres dans un lieu ouvert \u00e0 tous. De plus il faut \u00e9crire quelques phrases pour expliquer le parti pris.<\/p>\n<p>C\u2019est la deuxi\u00e8me ann\u00e9e que les lyc\u00e9ens participent et ils seront pr\u00eats pour l\u2019ann\u00e9e prochaine.<\/p>\n<p>Voir l&rsquo;album photo en cliquant ici :<\/p>\n<p><a href=\"https:\/\/photos.app.goo.gl\/TPqSnACXzyjCPLhw5\" target=\"_blank\" rel=\"noopener\"><img loading=\"lazy\" decoding=\"async\" class=\"alignnone size-full wp-image-8185\" src=\"http:\/\/www.lyceedechamalieres.fr\/wp-content\/uploads\/2018\/06\/alb.jpg\" alt=\"\" width=\"339\" height=\"412\" srcset=\"https:\/\/lyceedechamalieres.fr\/wp-content\/uploads\/2018\/06\/alb.jpg 339w, https:\/\/lyceedechamalieres.fr\/wp-content\/uploads\/2018\/06\/alb-247x300.jpg 247w\" sizes=\"auto, (max-width: 339px) 100vw, 339px\" \/><\/a><\/p>\n","protected":false},"excerpt":{"rendered":"<p>Sur les grilles du parc Monjoly de Chamali\u00e8res le public peut voir huit photographies r\u00e9alis\u00e9es par les \u00e9l\u00e8ves inscrits en arts plastiques du lyc\u00e9e sur [&#8230;]<\/p>\n","protected":false},"author":1,"featured_media":0,"comment_status":"closed","ping_status":"closed","sticky":false,"template":"","format":"standard","meta":{"footnotes":""},"categories":[9],"tags":[26,34],"class_list":["post-8184","post","type-post","status-publish","format-standard","hentry","category-arts-plastiques","tag-art","tag-concours"],"_links":{"self":[{"href":"https:\/\/lyceedechamalieres.fr\/index.php?rest_route=\/wp\/v2\/posts\/8184","targetHints":{"allow":["GET"]}}],"collection":[{"href":"https:\/\/lyceedechamalieres.fr\/index.php?rest_route=\/wp\/v2\/posts"}],"about":[{"href":"https:\/\/lyceedechamalieres.fr\/index.php?rest_route=\/wp\/v2\/types\/post"}],"author":[{"embeddable":true,"href":"https:\/\/lyceedechamalieres.fr\/index.php?rest_route=\/wp\/v2\/users\/1"}],"replies":[{"embeddable":true,"href":"https:\/\/lyceedechamalieres.fr\/index.php?rest_route=%2Fwp%2Fv2%2Fcomments&post=8184"}],"version-history":[{"count":7,"href":"https:\/\/lyceedechamalieres.fr\/index.php?rest_route=\/wp\/v2\/posts\/8184\/revisions"}],"predecessor-version":[{"id":8198,"href":"https:\/\/lyceedechamalieres.fr\/index.php?rest_route=\/wp\/v2\/posts\/8184\/revisions\/8198"}],"wp:attachment":[{"href":"https:\/\/lyceedechamalieres.fr\/index.php?rest_route=%2Fwp%2Fv2%2Fmedia&parent=8184"}],"wp:term":[{"taxonomy":"category","embeddable":true,"href":"https:\/\/lyceedechamalieres.fr\/index.php?rest_route=%2Fwp%2Fv2%2Fcategories&post=8184"},{"taxonomy":"post_tag","embeddable":true,"href":"https:\/\/lyceedechamalieres.fr\/index.php?rest_route=%2Fwp%2Fv2%2Ftags&post=8184"}],"curies":[{"name":"wp","href":"https:\/\/api.w.org\/{rel}","templated":true}]}}