{"id":8284,"date":"2018-09-18T15:20:10","date_gmt":"2018-09-18T13:20:10","guid":{"rendered":"http:\/\/www.lyceedechamalieres.fr\/?p=8284"},"modified":"2018-09-18T15:20:21","modified_gmt":"2018-09-18T13:20:21","slug":"chamalieres-vous-convie-a-la-table-de-la-presidence-de-la-republique-la-montagne","status":"publish","type":"post","link":"https:\/\/lyceedechamalieres.fr\/?p=8284","title":{"rendered":"Le lyc\u00e9e vous convie \u00e0 la table de la pr\u00e9sidence de la R\u00e9publique [La Montagne]"},"content":{"rendered":"<p><img loading=\"lazy\" decoding=\"async\" class=\"alignleft size-thumbnail wp-image-8286\" src=\"http:\/\/www.lyceedechamalieres.fr\/wp-content\/uploads\/2018\/09\/img-1-150x150.png\" alt=\"\" width=\"150\" height=\"150\" srcset=\"https:\/\/lyceedechamalieres.fr\/wp-content\/uploads\/2018\/09\/img-1-150x150.png 150w, https:\/\/lyceedechamalieres.fr\/wp-content\/uploads\/2018\/09\/img-1-144x144.png 144w\" sizes=\"auto, (max-width: 150px) 100vw, 150px\" \/>Vous esp\u00e9rez peut-\u00eatre un jour d\u00e9jeuner ou d\u00eener \u00e0 la table d\u2019Emmanuel Macron.<br \/>\n\u00c0 d\u00e9faut de le rencontrer, le lyc\u00e9e vous propose de d\u00e9guster le menu qui lui a \u00e9t\u00e9 servi le 25 janvier dernier lors de son escale pr\u00e9sidentielle \u00e0 Chamali\u00e8res.<!--more--><br \/>\n\u00ab Beaucoup de gens nous en faisaient la demande \u00bb, sourit Karine Natale, Proviseur. \u00ab De l\u2019entr\u00e9e au dessert, il n\u2019y aura aucune diff\u00e9rence : m\u00eame produit, m\u00eame pr\u00e9sentation, m\u00eame protocole. \u00bb<\/p>\n<p>Les \u00e9l\u00e8ves ayant offici\u00e9 ce 25 janvier feront aussi partie de l\u2019\u00e9quipe qui servira le menu pr\u00e9sidentiel le <strong><a href=\"http:\/\/www.lyceedechamalieres.fr\/?p=8262\">jeudi 27 septembre<\/a>, en soir\u00e9e, au restaurant gastronomique, <\/strong>pour la somme de 40 \u20ac hors boissons.<\/p>\n<p><img loading=\"lazy\" decoding=\"async\" class=\"size-full wp-image-8286 aligncenter\" src=\"http:\/\/www.lyceedechamalieres.fr\/wp-content\/uploads\/2018\/09\/img-1.png\" alt=\"\" width=\"564\" height=\"445\" srcset=\"https:\/\/lyceedechamalieres.fr\/wp-content\/uploads\/2018\/09\/img-1.png 564w, https:\/\/lyceedechamalieres.fr\/wp-content\/uploads\/2018\/09\/img-1-300x237.png 300w\" sizes=\"auto, (max-width: 564px) 100vw, 564px\" \/><\/p>\n<p>Le menu intitul\u00e9 \u00ab <em>A la table de la pr\u00e9sidence de la R\u00e9publique<\/em> \u00bb sera \u00e0 nouveau servi le 25 janvier 2019, \u00ab le jour anniversaire de la visite et probablement \u00e0 d\u2019autres dates qui sont encore \u00e0 d\u00e9terminer \u00bb, poursuit Karine Natale.<\/p>\n<p>\u00ab Un tr\u00e8s grand moment qui a vu la mobilisation de l\u2019ensemble du personnel et tout particuli\u00e8rement des professeurs et des \u00e9l\u00e8ves. Dix-sept personnes ont \u00e9t\u00e9 servies \u00e0 la table du pr\u00e9sident. Pour les personnes de son staff, les forces de police et de gendarmerie, un service de buffet avait \u00e9t\u00e9 pr\u00e9par\u00e9. Le travail s\u2019est d\u00e9roul\u00e9 en toute confiance. Nous avions pour seule demande d\u2019utiliser des produits locaux et de saison. \u00bb<\/p>\n<p>Parmi ceux-ci :<\/p>\n<ul>\n<li>de la fumaison du Sichon, \u00e0 Brugheas,<\/li>\n<li>les pois blonds de la Plan\u00e8ze d\u2019Henri Bouniol,<\/li>\n<li>le b\u0153uf charolais du Bourbonnais,<\/li>\n<li>du porc fermier d\u2019Auvergne,<\/li>\n<li>du foie gras de Limagne,<\/li>\n<li>de la volaille fermi\u00e8re d\u2019Auvergne,<\/li>\n<li>de la lentille verte du Puy,<\/li>\n<li>et du c\u00f4tes-d\u2019Auvergne.<\/li>\n<\/ul>\n<p>Un festival pour les papilles !<\/p>\n<p>Lien vers l&rsquo;article complet : <a href=\"https:\/\/www.lamontagne.fr\/chamalieres\/loisirs\/fetes-sorties\/2018\/09\/17\/chamalieres-vous-convie-a-la-table-de-la-presidence-de-la-republique_12981478.html#refresh\" target=\"_blank\" rel=\"noopener\">www.lamontagne.fr<\/a><\/p>\n<p>Voir l&rsquo;article version papier (cliquer pour agrandir):<\/p>\n<p><a href=\"http:\/\/www.lyceedechamalieres.fr\/wp-content\/uploads\/2018\/09\/LaMontagne18-09-2018.jpg\" target=\"_blank\" rel=\"noopener\"><img loading=\"lazy\" decoding=\"async\" class=\"alignnone wp-image-8285\" src=\"http:\/\/www.lyceedechamalieres.fr\/wp-content\/uploads\/2018\/09\/LaMontagne18-09-2018-271x300.jpg\" alt=\"\" width=\"383\" height=\"424\" srcset=\"https:\/\/lyceedechamalieres.fr\/wp-content\/uploads\/2018\/09\/LaMontagne18-09-2018-271x300.jpg 271w, https:\/\/lyceedechamalieres.fr\/wp-content\/uploads\/2018\/09\/LaMontagne18-09-2018-768x851.jpg 768w, https:\/\/lyceedechamalieres.fr\/wp-content\/uploads\/2018\/09\/LaMontagne18-09-2018-924x1024.jpg 924w, https:\/\/lyceedechamalieres.fr\/wp-content\/uploads\/2018\/09\/LaMontagne18-09-2018-600x665.jpg 600w, https:\/\/lyceedechamalieres.fr\/wp-content\/uploads\/2018\/09\/LaMontagne18-09-2018.jpg 1500w\" sizes=\"auto, (max-width: 383px) 100vw, 383px\" \/><\/a><\/p>\n","protected":false},"excerpt":{"rendered":"<p>Vous esp\u00e9rez peut-\u00eatre un jour d\u00e9jeuner ou d\u00eener \u00e0 la table d\u2019Emmanuel Macron. \u00c0 d\u00e9faut de le rencontrer, le lyc\u00e9e vous propose de d\u00e9guster le [&#8230;]<\/p>\n","protected":false},"author":1,"featured_media":0,"comment_status":"closed","ping_status":"closed","sticky":false,"template":"","format":"standard","meta":{"footnotes":""},"categories":[7],"tags":[88,47],"class_list":["post-8284","post","type-post","status-publish","format-standard","hentry","category-actualites","tag-actualites","tag-gastronomie"],"_links":{"self":[{"href":"https:\/\/lyceedechamalieres.fr\/index.php?rest_route=\/wp\/v2\/posts\/8284","targetHints":{"allow":["GET"]}}],"collection":[{"href":"https:\/\/lyceedechamalieres.fr\/index.php?rest_route=\/wp\/v2\/posts"}],"about":[{"href":"https:\/\/lyceedechamalieres.fr\/index.php?rest_route=\/wp\/v2\/types\/post"}],"author":[{"embeddable":true,"href":"https:\/\/lyceedechamalieres.fr\/index.php?rest_route=\/wp\/v2\/users\/1"}],"replies":[{"embeddable":true,"href":"https:\/\/lyceedechamalieres.fr\/index.php?rest_route=%2Fwp%2Fv2%2Fcomments&post=8284"}],"version-history":[{"count":2,"href":"https:\/\/lyceedechamalieres.fr\/index.php?rest_route=\/wp\/v2\/posts\/8284\/revisions"}],"predecessor-version":[{"id":8288,"href":"https:\/\/lyceedechamalieres.fr\/index.php?rest_route=\/wp\/v2\/posts\/8284\/revisions\/8288"}],"wp:attachment":[{"href":"https:\/\/lyceedechamalieres.fr\/index.php?rest_route=%2Fwp%2Fv2%2Fmedia&parent=8284"}],"wp:term":[{"taxonomy":"category","embeddable":true,"href":"https:\/\/lyceedechamalieres.fr\/index.php?rest_route=%2Fwp%2Fv2%2Fcategories&post=8284"},{"taxonomy":"post_tag","embeddable":true,"href":"https:\/\/lyceedechamalieres.fr\/index.php?rest_route=%2Fwp%2Fv2%2Ftags&post=8284"}],"curies":[{"name":"wp","href":"https:\/\/api.w.org\/{rel}","templated":true}]}}