{"id":8304,"date":"2018-09-24T16:10:37","date_gmt":"2018-09-24T14:10:37","guid":{"rendered":"http:\/\/www.lyceedechamalieres.fr\/?p=8304"},"modified":"2018-09-24T16:25:58","modified_gmt":"2018-09-24T14:25:58","slug":"le-lycee-fete-la-gastronomie","status":"publish","type":"post","link":"https:\/\/lyceedechamalieres.fr\/?p=8304","title":{"rendered":"Le lyc\u00e9e f\u00eate la gastronomie"},"content":{"rendered":"<p><img loading=\"lazy\" decoding=\"async\" class=\"alignleft size-thumbnail wp-image-8306\" src=\"http:\/\/www.lyceedechamalieres.fr\/wp-content\/uploads\/2018\/09\/im-150x150.jpg\" alt=\"\" width=\"150\" height=\"150\" srcset=\"https:\/\/lyceedechamalieres.fr\/wp-content\/uploads\/2018\/09\/im-150x150.jpg 150w, https:\/\/lyceedechamalieres.fr\/wp-content\/uploads\/2018\/09\/im-144x144.jpg 144w\" sizes=\"auto, (max-width: 150px) 100vw, 150px\" \/>La ville de Clermont-Ferrand f\u00eatait la gastronomie les vendredi 21 et samedi 22 septembre derniers.<br \/>\nLe public pouvait d\u00e9couvrir dans plusieurs lieux diff\u00e9rents des march\u00e9s, d\u00e9gustations et animations d\u00e9di\u00e9s aux produits Auvergnats mais aussi \u00e0 la gastronomie en g\u00e9n\u00e9ral !<!--more--><\/p>\n<p>Les visiteurs pouvaient rencontrer des producteurs locaux, des artisans, de commer\u00e7ants de bouche et chefs cuisiniers&#8230; et les \u00e9l\u00e8ves du lyc\u00e9e au March\u00e9 Saint-Pierre !<\/p>\n<p>&nbsp;<\/p>\n<p>Retrouvez l&rsquo;album photo des \u00e9l\u00e8ves participant \u00e0 l&rsquo;op\u00e9ration, en cliquant ci-dessous :<\/p>\n<p><a href=\"https:\/\/photos.app.goo.gl\/bfNczex1ZM5xV7Wc9\" target=\"_blank\" rel=\"noopener\"><img loading=\"lazy\" decoding=\"async\" class=\"aligncenter wp-image-8318 size-full\" src=\"http:\/\/www.lyceedechamalieres.fr\/wp-content\/uploads\/2018\/09\/alb-1.jpg\" alt=\"\" width=\"1025\" height=\"652\" srcset=\"https:\/\/lyceedechamalieres.fr\/wp-content\/uploads\/2018\/09\/alb-1.jpg 1025w, https:\/\/lyceedechamalieres.fr\/wp-content\/uploads\/2018\/09\/alb-1-300x191.jpg 300w, https:\/\/lyceedechamalieres.fr\/wp-content\/uploads\/2018\/09\/alb-1-768x489.jpg 768w, https:\/\/lyceedechamalieres.fr\/wp-content\/uploads\/2018\/09\/alb-1-1024x651.jpg 1024w, https:\/\/lyceedechamalieres.fr\/wp-content\/uploads\/2018\/09\/alb-1-600x382.jpg 600w\" sizes=\"auto, (max-width: 1025px) 100vw, 1025px\" \/><\/a><\/p>\n<p>Voici le d\u00e9tail du programme :<br \/>\n<a href=\"\/_pdf\/feteg.pdf\" class=\"pdfemb-viewer\" style=\"\" data-width=\"max\" data-height=\"max\" data-mobile-width=\"500\"  data-scrollbar=\"none\" data-download=\"on\" data-tracking=\"on\" data-newwindow=\"on\" data-pagetextbox=\"off\" data-scrolltotop=\"off\" data-startzoom=\"100\" data-startfpzoom=\"100\" data-toolbar=\"both\" data-toolbar-fixed=\"off\">feteg<br\/><\/a><\/p>\n<p>En savoir plus :<br \/>\n<a href=\"https:\/\/www.lamontagne.fr\/clermont-ferrand\/loisirs\/economie\/2018\/09\/22\/clermont-ferrand-fete-la-gastronomie-ce-samedi-de-saint-pierre-a-saint-joseph_12989722.html\" target=\"_blank\" rel=\"noopener\">https:\/\/www.lamontagne.fr\/clermont-ferrand\/loisirs\/economie\/2018\/09\/22<\/a><br \/>\n<a href=\"https:\/\/clermont-ferrand.fr\/actualite\/la-fete-de-la-gastronomie\" target=\"_blank\" rel=\"noopener\">https:\/\/clermont-ferrand.fr\/actualite<\/a><\/p>\n","protected":false},"excerpt":{"rendered":"<p>La ville de Clermont-Ferrand f\u00eatait la gastronomie les vendredi 21 et samedi 22 septembre derniers. Le public pouvait d\u00e9couvrir dans plusieurs lieux diff\u00e9rents des march\u00e9s, [&#8230;]<\/p>\n","protected":false},"author":1,"featured_media":0,"comment_status":"closed","ping_status":"closed","sticky":false,"template":"","format":"standard","meta":{"footnotes":""},"categories":[16],"tags":[47,41],"class_list":["post-8304","post","type-post","status-publish","format-standard","hentry","category-hotellerie","tag-gastronomie","tag-rencontre"],"_links":{"self":[{"href":"https:\/\/lyceedechamalieres.fr\/index.php?rest_route=\/wp\/v2\/posts\/8304","targetHints":{"allow":["GET"]}}],"collection":[{"href":"https:\/\/lyceedechamalieres.fr\/index.php?rest_route=\/wp\/v2\/posts"}],"about":[{"href":"https:\/\/lyceedechamalieres.fr\/index.php?rest_route=\/wp\/v2\/types\/post"}],"author":[{"embeddable":true,"href":"https:\/\/lyceedechamalieres.fr\/index.php?rest_route=\/wp\/v2\/users\/1"}],"replies":[{"embeddable":true,"href":"https:\/\/lyceedechamalieres.fr\/index.php?rest_route=%2Fwp%2Fv2%2Fcomments&post=8304"}],"version-history":[{"count":14,"href":"https:\/\/lyceedechamalieres.fr\/index.php?rest_route=\/wp\/v2\/posts\/8304\/revisions"}],"predecessor-version":[{"id":8323,"href":"https:\/\/lyceedechamalieres.fr\/index.php?rest_route=\/wp\/v2\/posts\/8304\/revisions\/8323"}],"wp:attachment":[{"href":"https:\/\/lyceedechamalieres.fr\/index.php?rest_route=%2Fwp%2Fv2%2Fmedia&parent=8304"}],"wp:term":[{"taxonomy":"category","embeddable":true,"href":"https:\/\/lyceedechamalieres.fr\/index.php?rest_route=%2Fwp%2Fv2%2Fcategories&post=8304"},{"taxonomy":"post_tag","embeddable":true,"href":"https:\/\/lyceedechamalieres.fr\/index.php?rest_route=%2Fwp%2Fv2%2Ftags&post=8304"}],"curies":[{"name":"wp","href":"https:\/\/api.w.org\/{rel}","templated":true}]}}