{"id":8361,"date":"2018-10-16T06:27:56","date_gmt":"2018-10-16T04:27:56","guid":{"rendered":"http:\/\/www.lyceedechamalieres.fr\/?p=8361"},"modified":"2018-10-21T09:00:56","modified_gmt":"2018-10-21T07:00:56","slug":"voyage-a-paris-le-12-octobre-2018","status":"publish","type":"post","link":"https:\/\/lyceedechamalieres.fr\/?p=8361","title":{"rendered":"Voyage \u00e0 Paris le 12 octobre 2018"},"content":{"rendered":"<p><img loading=\"lazy\" decoding=\"async\" class=\"alignleft size-thumbnail wp-image-8362\" src=\"http:\/\/www.lyceedechamalieres.fr\/wp-content\/uploads\/2018\/10\/img-150x150.jpg\" alt=\"\" width=\"150\" height=\"150\" srcset=\"https:\/\/lyceedechamalieres.fr\/wp-content\/uploads\/2018\/10\/img-150x150.jpg 150w, https:\/\/lyceedechamalieres.fr\/wp-content\/uploads\/2018\/10\/img-144x144.jpg 144w\" sizes=\"auto, (max-width: 150px) 100vw, 150px\" \/>Une trentaine d\u2019\u00e9l\u00e8ves de secondes, premi\u00e8res et terminales du lyc\u00e9e est partie pour un voyage \u00e0 Paris sous un ciel bleu d\u00e9couvrir le mus\u00e9e Rodin et le centre Pompidou. La visite guid\u00e9e dans l\u2019h\u00f4tel Biron a permis de se familiariser davantage avec les \u0153uvres de ce sculpteur n\u00e9 en 1840 et mort en 1917, objet \u00e0 son \u00e9poque de quelques scandales retentissants.<!--more--> Sa collection d\u2019antiques a permis de comprendre ses influences et les nombreuses \u0153uvres expos\u00e9es sa mani\u00e8re de travailler.<\/p>\n<p>Apr\u00e8s un tour dans le parc du mus\u00e9e et un trajet en m\u00e9tro, que certains prenaient pour la premi\u00e8re fois, les \u00e9l\u00e8ves ont visit\u00e9 l\u2019atelier de Brancusi avant de rejoindre deux guides pour chaque groupe et recevoir une histoire de l\u2019art moderne en 1h30 devant les \u0153uvres incontournables du centre Pompidou.<\/p>\n<p>Deux heures de libre ensuite ont permis aux \u00e9l\u00e8ves de retrouver \u00e0 leur rythme les \u0153uvres du centre ou de regarder du haut de la terrasse la magnifique vue sur Paris et ses toits bleut\u00e9s si bien peints par Nicolas de Sta\u00ebl.<\/p>\n<p>Un dernier rendez-vous autour de la fontaine Stravinsky pr\u00e8s de l\u2019\u00e9glise de St Merry et les \u0153uvres surprenantes de Van der Velde r\u00e9alis\u00e9es pour la nuit blanche a permis de clore cette journ\u00e9e foisonnante de d\u00e9couvertes artistiques et donner envie \u00e0 chacun de retourner dans la capitale.<\/p>\n<p>Cliquer pour naviguer dans l\u2019album photo :<\/p>\n<p><a href=\"https:\/\/photos.app.goo.gl\/C7x8GsiEXrspnedA8\" target=\"_blank\" rel=\"noopener\"><img loading=\"lazy\" decoding=\"async\" class=\"alignnone size-full wp-image-8390\" src=\"http:\/\/www.lyceedechamalieres.fr\/wp-content\/uploads\/2018\/10\/collage1.jpg\" alt=\"\" width=\"1000\" height=\"600\" srcset=\"https:\/\/lyceedechamalieres.fr\/wp-content\/uploads\/2018\/10\/collage1.jpg 1000w, https:\/\/lyceedechamalieres.fr\/wp-content\/uploads\/2018\/10\/collage1-300x180.jpg 300w, https:\/\/lyceedechamalieres.fr\/wp-content\/uploads\/2018\/10\/collage1-768x461.jpg 768w, https:\/\/lyceedechamalieres.fr\/wp-content\/uploads\/2018\/10\/collage1-600x360.jpg 600w\" sizes=\"auto, (max-width: 1000px) 100vw, 1000px\" \/><\/a><\/p>\n","protected":false},"excerpt":{"rendered":"<p>Une trentaine d\u2019\u00e9l\u00e8ves de secondes, premi\u00e8res et terminales du lyc\u00e9e est partie pour un voyage \u00e0 Paris sous un ciel bleu d\u00e9couvrir le mus\u00e9e Rodin [&#8230;]<\/p>\n","protected":false},"author":1,"featured_media":0,"comment_status":"closed","ping_status":"closed","sticky":false,"template":"","format":"standard","meta":{"footnotes":""},"categories":[9],"tags":[26,21],"class_list":["post-8361","post","type-post","status-publish","format-standard","hentry","category-arts-plastiques","tag-art","tag-voyage"],"_links":{"self":[{"href":"https:\/\/lyceedechamalieres.fr\/index.php?rest_route=\/wp\/v2\/posts\/8361","targetHints":{"allow":["GET"]}}],"collection":[{"href":"https:\/\/lyceedechamalieres.fr\/index.php?rest_route=\/wp\/v2\/posts"}],"about":[{"href":"https:\/\/lyceedechamalieres.fr\/index.php?rest_route=\/wp\/v2\/types\/post"}],"author":[{"embeddable":true,"href":"https:\/\/lyceedechamalieres.fr\/index.php?rest_route=\/wp\/v2\/users\/1"}],"replies":[{"embeddable":true,"href":"https:\/\/lyceedechamalieres.fr\/index.php?rest_route=%2Fwp%2Fv2%2Fcomments&post=8361"}],"version-history":[{"count":5,"href":"https:\/\/lyceedechamalieres.fr\/index.php?rest_route=\/wp\/v2\/posts\/8361\/revisions"}],"predecessor-version":[{"id":8391,"href":"https:\/\/lyceedechamalieres.fr\/index.php?rest_route=\/wp\/v2\/posts\/8361\/revisions\/8391"}],"wp:attachment":[{"href":"https:\/\/lyceedechamalieres.fr\/index.php?rest_route=%2Fwp%2Fv2%2Fmedia&parent=8361"}],"wp:term":[{"taxonomy":"category","embeddable":true,"href":"https:\/\/lyceedechamalieres.fr\/index.php?rest_route=%2Fwp%2Fv2%2Fcategories&post=8361"},{"taxonomy":"post_tag","embeddable":true,"href":"https:\/\/lyceedechamalieres.fr\/index.php?rest_route=%2Fwp%2Fv2%2Ftags&post=8361"}],"curies":[{"name":"wp","href":"https:\/\/api.w.org\/{rel}","templated":true}]}}