{"id":9332,"date":"2019-07-09T10:14:39","date_gmt":"2019-07-09T08:14:39","guid":{"rendered":"http:\/\/www.lyceedechamalieres.fr\/?p=9332"},"modified":"2019-07-09T10:14:51","modified_gmt":"2019-07-09T08:14:51","slug":"20-20-au-bac-s-sacha-grenet-ou-lexcellence-tranquille-presse","status":"publish","type":"post","link":"https:\/\/lyceedechamalieres.fr\/?p=9332","title":{"rendered":"20\/20 au Bac S : Sacha Grenet ou l&rsquo;excellence tranquille [Presse]"},"content":{"rendered":"<p><img loading=\"lazy\" decoding=\"async\" class=\"alignleft size-thumbnail wp-image-9333\" src=\"http:\/\/www.lyceedechamalieres.fr\/wp-content\/uploads\/2019\/07\/sacha-grenet_4406688-150x150.jpeg\" alt=\"\" width=\"150\" height=\"150\" srcset=\"https:\/\/lyceedechamalieres.fr\/wp-content\/uploads\/2019\/07\/sacha-grenet_4406688-150x150.jpeg 150w, https:\/\/lyceedechamalieres.fr\/wp-content\/uploads\/2019\/07\/sacha-grenet_4406688-144x144.jpeg 144w\" sizes=\"auto, (max-width: 150px) 100vw, 150px\" \/>Vendredi matin \u00e0 Chamali\u00e8res, les candidats d\u00e9couvraient s\u2019ils avaient obtenu leur bac. Sacha, lui, a trouv\u00e9, un 20\/20 inscrit tout au fond de son bulletin de notes \u00e0 l\u2019examen. Il pensait avoir son bac avec mention, mais il ne s\u2019attendait certainement pas \u00e0 d\u00e9crocher une moyenne de 20\/20.<!--more--><br \/>\nSacha Grenet, 18 ans, a suivi sa scolarit\u00e9 au lyc\u00e9e polyvalent de Chamali\u00e8res. Et c\u2019est Karine Natale, proviseure, qui lui a d\u00e9voil\u00e9, vendredi matin, la surprise : \u00ab Tu es pr\u00eat \u00e0 recevoir une excellente nouvelle ? \u00bb Sacha d\u00e9croche son bac S avec mention tr\u00e8s bien et les f\u00e9licitations du jury.<\/p>\n<p>\u00ab Cela est possible gr\u00e2ce aux options qui donnent des points suppl\u00e9mentaires \u00bb, d\u00e9crypte humblement Sacha. Le jeune homme \u00e9tait en section europ\u00e9enne et a suivi des cours de grec et de latin. Sa professeure de latin, Pascale Romagnat, a jou\u00e9 un r\u00f4le important dans sa r\u00e9ussite. \u00c0 l\u2019instar de plusieurs autres enseignants, que Sacha s\u2019estime chanceux d\u2019avoir connus :<br \/>\n\u00ab J\u2019ai toujours eu des professeurs tr\u00e8s impliqu\u00e9s, qui m\u2019ont pouss\u00e9 et soutenu. M\u00eame sur le plan personnel. \u00bb<br \/>\nEt pour cause. Le papa de Sacha est d\u00e9c\u00e9d\u00e9 quand il avait 12 ans. Une \u00e9preuve qui \u00ab a compl\u00e8tement boulevers\u00e9 nos vies \u00bb, explique Nathalie, la maman. \u00c0 la mention du papa, l\u2019\u00e9motion est palpable mais les joues restent s\u00e8ches : \u00ab On a eu une grosse pens\u00e9e pour lui, il aurait \u00e9t\u00e9 fier. \u00bb<br \/>\nLe jeune bachelier \u00e9tait auparavant \u00ab un \u00e9l\u00e8ve moyen \u00bb et avance une explication : \u00ab J\u2019ai commenc\u00e9 le violon en sixi\u00e8me et je pense que cela m\u2019a aid\u00e9. \u00bb Quand on lui demande s\u2019il \u00e9tudie beaucoup, il \u00e9change un regard entendu avec sa m\u00e8re. \u00ab On me pose tout le temps cette question, sourit-il, mais je ne travaille pas plus que cela. Je peux me souvenir des phrases exactes de mes profs. \u00bb<br \/>\n\u00c0 la rentr\u00e9e, Sacha int\u00e9grera la classe pr\u00e9paratoire biologie, chimie, physique et sciences de la Terre (BCPST) du prestigieux Henry IV, \u00e0 Paris. La nouvelle est arriv\u00e9e samedi. \u00ab On aura pass\u00e9 un week-end riche en \u00e9motions ! \u00bb, s\u2019enthousiasme Nathalie.<\/p>\n<p><img loading=\"lazy\" decoding=\"async\" class=\"alignnone size-full wp-image-9333\" src=\"http:\/\/www.lyceedechamalieres.fr\/wp-content\/uploads\/2019\/07\/sacha-grenet_4406688.jpeg\" alt=\"\" width=\"276\" height=\"224\" \/><\/p>\n<p>Dipl\u00f4m\u00e9 d\u2019un bac S avec la note maximale et re\u00e7u dans l\u2019une des classes pr\u00e9paratoires les plus pris\u00e9es de France donc. Mais ce qui interpelle le plus, c\u2019est la politesse de Sacha, sa gentillesse et son humilit\u00e9. Il s\u2019excuserait presque d\u2019\u00eatre meilleur que les autres. Et a pass\u00e9 l\u2019ann\u00e9e scolaire \u00e0 aider ses camarades : \u00ab Comme j\u2019ai vite compris, j\u2019ai beaucoup expliqu\u00e9 aux autres, c\u2019est normal. \u00bb Une bienveillance soulign\u00e9e par sa m\u00e8re et ses enseignants, autant que par ses amis : \u00ab Personne n\u2019a \u00e9t\u00e9 jaloux, ils \u00e9taient juste contents pour moi. \u00bb<\/p>\n<p>Source : Sandra Favier pour La Montagne<br \/>\n<a href=\"https:\/\/www.lamontagne.fr\/orcines-63870\/actualites\/20-sur-20-au-bac-s-a-chamalieres-puy-de-dome-sacha-grenet-ou-l-excellence-tranquille_13601092\/\" target=\"_blank\" rel=\"noopener noreferrer\">www.lamontagne.fr\/orcines-63870\/actualites<\/a><\/p>\n","protected":false},"excerpt":{"rendered":"<p>Vendredi matin \u00e0 Chamali\u00e8res, les candidats d\u00e9couvraient s\u2019ils avaient obtenu leur bac. Sacha, lui, a trouv\u00e9, un 20\/20 inscrit tout au fond de son bulletin [&#8230;]<\/p>\n","protected":false},"author":1,"featured_media":0,"comment_status":"closed","ping_status":"closed","sticky":false,"template":"","format":"standard","meta":{"footnotes":""},"categories":[18],"tags":[88],"class_list":["post-9332","post","type-post","status-publish","format-standard","hentry","category-filieres-generales","tag-actualites"],"_links":{"self":[{"href":"https:\/\/lyceedechamalieres.fr\/index.php?rest_route=\/wp\/v2\/posts\/9332","targetHints":{"allow":["GET"]}}],"collection":[{"href":"https:\/\/lyceedechamalieres.fr\/index.php?rest_route=\/wp\/v2\/posts"}],"about":[{"href":"https:\/\/lyceedechamalieres.fr\/index.php?rest_route=\/wp\/v2\/types\/post"}],"author":[{"embeddable":true,"href":"https:\/\/lyceedechamalieres.fr\/index.php?rest_route=\/wp\/v2\/users\/1"}],"replies":[{"embeddable":true,"href":"https:\/\/lyceedechamalieres.fr\/index.php?rest_route=%2Fwp%2Fv2%2Fcomments&post=9332"}],"version-history":[{"count":2,"href":"https:\/\/lyceedechamalieres.fr\/index.php?rest_route=\/wp\/v2\/posts\/9332\/revisions"}],"predecessor-version":[{"id":9335,"href":"https:\/\/lyceedechamalieres.fr\/index.php?rest_route=\/wp\/v2\/posts\/9332\/revisions\/9335"}],"wp:attachment":[{"href":"https:\/\/lyceedechamalieres.fr\/index.php?rest_route=%2Fwp%2Fv2%2Fmedia&parent=9332"}],"wp:term":[{"taxonomy":"category","embeddable":true,"href":"https:\/\/lyceedechamalieres.fr\/index.php?rest_route=%2Fwp%2Fv2%2Fcategories&post=9332"},{"taxonomy":"post_tag","embeddable":true,"href":"https:\/\/lyceedechamalieres.fr\/index.php?rest_route=%2Fwp%2Fv2%2Ftags&post=9332"}],"curies":[{"name":"wp","href":"https:\/\/api.w.org\/{rel}","templated":true}]}}