{"id":9361,"date":"2019-08-27T09:35:15","date_gmt":"2019-08-27T07:35:15","guid":{"rendered":"http:\/\/www.lyceedechamalieres.fr\/?p=9361"},"modified":"2019-08-29T17:33:11","modified_gmt":"2019-08-29T15:33:11","slug":"rentree-scolaire-2017-2018-2-2","status":"publish","type":"post","link":"https:\/\/lyceedechamalieres.fr\/?p=9361","title":{"rendered":"Rentr\u00e9e scolaire 2019 2020"},"content":{"rendered":"<p><img loading=\"lazy\" decoding=\"async\" class=\"alignleft wp-image-6363\" src=\"http:\/\/www.lyceedechamalieres.fr\/wp-content\/uploads\/2016\/05\/logo-150x150.png\" alt=\"logo\" width=\"116\" height=\"116\" srcset=\"https:\/\/lyceedechamalieres.fr\/wp-content\/uploads\/2016\/05\/logo-150x150.png 150w, https:\/\/lyceedechamalieres.fr\/wp-content\/uploads\/2016\/05\/logo-144x144.png 144w\" sizes=\"auto, (max-width: 116px) 100vw, 116px\" \/>Retrouvez le document ci-dessous regroupant les informations concernant la rentr\u00e9e scolaire 2019-2020.<br \/>\nLa r\u00e9union de pr\u00e9-rentr\u00e9e des enseignants est pr\u00e9vue le vendredi 30 ao\u00fbt, la rentr\u00e9e des \u00e9l\u00e8ves s&rsquo;\u00e9tale entre le 2 et le 23 septembre selon le calendrier suivant :<!--more--><\/p>\n<p>&nbsp;<\/p>\n<a href=\"\/_pdf\/rentree2019.pdf\" class=\"pdfemb-viewer\" style=\"\" data-width=\"max\" data-height=\"max\" data-mobile-width=\"500\"  data-scrollbar=\"none\" data-download=\"on\" data-tracking=\"on\" data-newwindow=\"on\" data-pagetextbox=\"off\" data-scrolltotop=\"off\" data-startzoom=\"100\" data-startfpzoom=\"100\" data-toolbar=\"both\" data-toolbar-fixed=\"off\">rentree2019<br\/><\/a>\n<p>&nbsp;<\/p>\n","protected":false},"excerpt":{"rendered":"<p>Retrouvez le document ci-dessous regroupant les informations concernant la rentr\u00e9e scolaire 2019-2020. La r\u00e9union de pr\u00e9-rentr\u00e9e des enseignants est pr\u00e9vue le vendredi 30 ao\u00fbt, la [&#8230;]<\/p>\n","protected":false},"author":1,"featured_media":0,"comment_status":"closed","ping_status":"closed","sticky":false,"template":"","format":"standard","meta":{"footnotes":""},"categories":[7],"tags":[88],"class_list":["post-9361","post","type-post","status-publish","format-standard","hentry","category-actualites","tag-actualites"],"_links":{"self":[{"href":"https:\/\/lyceedechamalieres.fr\/index.php?rest_route=\/wp\/v2\/posts\/9361","targetHints":{"allow":["GET"]}}],"collection":[{"href":"https:\/\/lyceedechamalieres.fr\/index.php?rest_route=\/wp\/v2\/posts"}],"about":[{"href":"https:\/\/lyceedechamalieres.fr\/index.php?rest_route=\/wp\/v2\/types\/post"}],"author":[{"embeddable":true,"href":"https:\/\/lyceedechamalieres.fr\/index.php?rest_route=\/wp\/v2\/users\/1"}],"replies":[{"embeddable":true,"href":"https:\/\/lyceedechamalieres.fr\/index.php?rest_route=%2Fwp%2Fv2%2Fcomments&post=9361"}],"version-history":[{"count":2,"href":"https:\/\/lyceedechamalieres.fr\/index.php?rest_route=\/wp\/v2\/posts\/9361\/revisions"}],"predecessor-version":[{"id":9364,"href":"https:\/\/lyceedechamalieres.fr\/index.php?rest_route=\/wp\/v2\/posts\/9361\/revisions\/9364"}],"wp:attachment":[{"href":"https:\/\/lyceedechamalieres.fr\/index.php?rest_route=%2Fwp%2Fv2%2Fmedia&parent=9361"}],"wp:term":[{"taxonomy":"category","embeddable":true,"href":"https:\/\/lyceedechamalieres.fr\/index.php?rest_route=%2Fwp%2Fv2%2Fcategories&post=9361"},{"taxonomy":"post_tag","embeddable":true,"href":"https:\/\/lyceedechamalieres.fr\/index.php?rest_route=%2Fwp%2Fv2%2Ftags&post=9361"}],"curies":[{"name":"wp","href":"https:\/\/api.w.org\/{rel}","templated":true}]}}