{"id":9535,"date":"2019-11-22T08:23:23","date_gmt":"2019-11-22T07:23:23","guid":{"rendered":"http:\/\/www.lyceedechamalieres.fr\/?p=9535"},"modified":"2020-01-18T16:35:56","modified_gmt":"2020-01-18T15:35:56","slug":"feux-etudiants-finalistes-au-trophee-raymond-vaudard","status":"publish","type":"post","link":"https:\/\/lyceedechamalieres.fr\/?p=9535","title":{"rendered":"Deux \u00e9tudiants finalistes au Troph\u00e9e Raymond Vaudard"},"content":{"rendered":"<p><img loading=\"lazy\" decoding=\"async\" class=\"alignleft size-thumbnail wp-image-9537\" src=\"http:\/\/www.lyceedechamalieres.fr\/wp-content\/uploads\/2019\/11\/1573924497923-150x150.jpg\" alt=\"\" width=\"150\" height=\"150\" srcset=\"https:\/\/lyceedechamalieres.fr\/wp-content\/uploads\/2019\/11\/1573924497923-150x150.jpg 150w, https:\/\/lyceedechamalieres.fr\/wp-content\/uploads\/2019\/11\/1573924497923-144x144.jpg 144w\" sizes=\"auto, (max-width: 150px) 100vw, 150px\" \/>La finale nationale 2019 du Troph\u00e9e Raymond Vaudard de l&rsquo;Acad\u00e9mie Nationale de Cuisine s&rsquo;est d\u00e9roul\u00e9e d\u00e9but novembre 2019 au Lyc\u00e9e Professionnel Ren\u00e9e Bonnet de Toulouse.<\/p>\n<p>Le bin\u00f4me repr\u00e9sentant le lyc\u00e9e de Chamali\u00e8res (Marine Beaughon et Gr\u00e9gory Mangin, \u00e9tudiants en 2MHR) s&rsquo;est brillamment illustr\u00e9, et a obtenu la deuxi\u00e8me place.<br \/>\nF\u00e9licitations \u00e0 eux !<!--more--><\/p>\n<p>Cliquer sur les images pour zoomer :<\/p>\n<p><a href=\"http:\/\/www.lyceedechamalieres.fr\/wp-content\/uploads\/2019\/11\/collage-3-scaled.jpg\"><img loading=\"lazy\" decoding=\"async\" class=\"alignnone size-large wp-image-9538\" src=\"http:\/\/www.lyceedechamalieres.fr\/wp-content\/uploads\/2019\/11\/collage-3-1024x853.jpg\" alt=\"\" width=\"860\" height=\"716\" srcset=\"https:\/\/lyceedechamalieres.fr\/wp-content\/uploads\/2019\/11\/collage-3-1024x853.jpg 1024w, https:\/\/lyceedechamalieres.fr\/wp-content\/uploads\/2019\/11\/collage-3-300x250.jpg 300w, https:\/\/lyceedechamalieres.fr\/wp-content\/uploads\/2019\/11\/collage-3-768x640.jpg 768w, https:\/\/lyceedechamalieres.fr\/wp-content\/uploads\/2019\/11\/collage-3-600x500.jpg 600w, https:\/\/lyceedechamalieres.fr\/wp-content\/uploads\/2019\/11\/collage-3-1536x1280.jpg 1536w, https:\/\/lyceedechamalieres.fr\/wp-content\/uploads\/2019\/11\/collage-3-2048x1707.jpg 2048w\" sizes=\"auto, (max-width: 860px) 100vw, 860px\" \/><\/a><\/p>\n<p><a href=\"http:\/\/www.lyceedechamalieres.fr\/wp-content\/uploads\/2019\/11\/collage2-scaled.jpg\"><img loading=\"lazy\" decoding=\"async\" class=\"alignnone size-large wp-image-9539\" src=\"http:\/\/www.lyceedechamalieres.fr\/wp-content\/uploads\/2019\/11\/collage2-1024x853.jpg\" alt=\"\" width=\"860\" height=\"716\" srcset=\"https:\/\/lyceedechamalieres.fr\/wp-content\/uploads\/2019\/11\/collage2-1024x853.jpg 1024w, https:\/\/lyceedechamalieres.fr\/wp-content\/uploads\/2019\/11\/collage2-300x250.jpg 300w, https:\/\/lyceedechamalieres.fr\/wp-content\/uploads\/2019\/11\/collage2-768x640.jpg 768w, https:\/\/lyceedechamalieres.fr\/wp-content\/uploads\/2019\/11\/collage2-600x500.jpg 600w, https:\/\/lyceedechamalieres.fr\/wp-content\/uploads\/2019\/11\/collage2-1536x1280.jpg 1536w, https:\/\/lyceedechamalieres.fr\/wp-content\/uploads\/2019\/11\/collage2-2048x1707.jpg 2048w\" sizes=\"auto, (max-width: 860px) 100vw, 860px\" \/><\/a><\/p>\n<p>Pour en savoir plus :<br \/>\n<a href=\"http:\/\/www.a-n-c.fr\/concours\/concours\/28-trophee-avenir-raymond-vaudard.html\" target=\"_blank\" rel=\"noopener noreferrer\">www.a-n-c.fr\/concours\/concours\/28-trophee-avenir-raymond-vaudard.html<\/a><\/p>\n","protected":false},"excerpt":{"rendered":"<p>La finale nationale 2019 du Troph\u00e9e Raymond Vaudard de l&rsquo;Acad\u00e9mie Nationale de Cuisine s&rsquo;est d\u00e9roul\u00e9e d\u00e9but novembre 2019 au Lyc\u00e9e Professionnel Ren\u00e9e Bonnet de Toulouse. [&#8230;]<\/p>\n","protected":false},"author":1,"featured_media":0,"comment_status":"closed","ping_status":"closed","sticky":false,"template":"","format":"standard","meta":{"footnotes":""},"categories":[16],"tags":[34,47],"class_list":["post-9535","post","type-post","status-publish","format-standard","hentry","category-hotellerie","tag-concours","tag-gastronomie"],"_links":{"self":[{"href":"https:\/\/lyceedechamalieres.fr\/index.php?rest_route=\/wp\/v2\/posts\/9535","targetHints":{"allow":["GET"]}}],"collection":[{"href":"https:\/\/lyceedechamalieres.fr\/index.php?rest_route=\/wp\/v2\/posts"}],"about":[{"href":"https:\/\/lyceedechamalieres.fr\/index.php?rest_route=\/wp\/v2\/types\/post"}],"author":[{"embeddable":true,"href":"https:\/\/lyceedechamalieres.fr\/index.php?rest_route=\/wp\/v2\/users\/1"}],"replies":[{"embeddable":true,"href":"https:\/\/lyceedechamalieres.fr\/index.php?rest_route=%2Fwp%2Fv2%2Fcomments&post=9535"}],"version-history":[{"count":4,"href":"https:\/\/lyceedechamalieres.fr\/index.php?rest_route=\/wp\/v2\/posts\/9535\/revisions"}],"predecessor-version":[{"id":9704,"href":"https:\/\/lyceedechamalieres.fr\/index.php?rest_route=\/wp\/v2\/posts\/9535\/revisions\/9704"}],"wp:attachment":[{"href":"https:\/\/lyceedechamalieres.fr\/index.php?rest_route=%2Fwp%2Fv2%2Fmedia&parent=9535"}],"wp:term":[{"taxonomy":"category","embeddable":true,"href":"https:\/\/lyceedechamalieres.fr\/index.php?rest_route=%2Fwp%2Fv2%2Fcategories&post=9535"},{"taxonomy":"post_tag","embeddable":true,"href":"https:\/\/lyceedechamalieres.fr\/index.php?rest_route=%2Fwp%2Fv2%2Ftags&post=9535"}],"curies":[{"name":"wp","href":"https:\/\/api.w.org\/{rel}","templated":true}]}}