{"id":9614,"date":"2019-12-11T09:04:20","date_gmt":"2019-12-11T08:04:20","guid":{"rendered":"http:\/\/www.lyceedechamalieres.fr\/?p=9614"},"modified":"2020-01-18T16:32:43","modified_gmt":"2020-01-18T15:32:43","slug":"visite-de-la-chaufferie-developpement-durable-de-clermont","status":"publish","type":"post","link":"https:\/\/lyceedechamalieres.fr\/?p=9614","title":{"rendered":"Visite de la chaufferie d\u00e9veloppement durable de Clermont"},"content":{"rendered":"<p><img loading=\"lazy\" decoding=\"async\" class=\"alignleft size-thumbnail wp-image-9615\" src=\"http:\/\/www.lyceedechamalieres.fr\/wp-content\/uploads\/2019\/12\/img-150x150.jpg\" alt=\"\" width=\"150\" height=\"150\" srcset=\"https:\/\/lyceedechamalieres.fr\/wp-content\/uploads\/2019\/12\/img-150x150.jpg 150w, https:\/\/lyceedechamalieres.fr\/wp-content\/uploads\/2019\/12\/img-144x144.jpg 144w\" sizes=\"auto, (max-width: 150px) 100vw, 150px\" \/>Le lundi 18 novembre, la classe de terminale CAP Agent Polyvalent de restauration et la classe de 1\u00e8re bac pro commercialisation et service en restauration 1PRO2 ont pass\u00e9 la matin\u00e9e \u00e0 visiter la chaufferie d\u00e9veloppement durable de Clermont-Ferrand Nord.<br \/>\nLes \u00e9l\u00e8ves ont eu la chance d\u2019avoir une visite guid\u00e9e gratuite du site g\u00e9r\u00e9 par ENGIE Cofely.<br \/>\nIls ont ainsi d\u00e9couvert que la production de chaleur est assur\u00e9e par le bois \u00e0 95%, ce qui repr\u00e9sente 18 000 tonnes de bois livr\u00e9es par 700 \u00e0 800 camions dans un rayon de 80 kms chaque ann\u00e9e.<br \/>\nAinsi tous les d\u00e9chets de bois sont recycl\u00e9s : le bois est broy\u00e9 sous forme de gros copeaux qui alimentent automatiquement les chaudi\u00e8res, fabriqu\u00e9es en Auvergne.<br \/>\nUn m\u00e9gawatt (\u00e9nergie mesur\u00e9e pour la consommation) produit co\u00fbte 50\u20ac avec le bois comme \u00e9nergie, alors qu\u2019il co\u00fbte 140\u20ac avec l\u2019\u00e9lectricit\u00e9, 100\u20ac au fioul et 70\u20ac au gaz.<br \/>\nLes fum\u00e9es sont filtr\u00e9es et des filtres enregistrent les poussi\u00e8res \u00e9mises. Les relev\u00e9s sont transmis en pr\u00e9fecture.<br \/>\nCette visite a permis de faire le lien entre les savoirs \u00e9tudi\u00e9s en PSE pour les deux classes :<br \/>\n&#8211; les d\u00e9chets en entreprise pour les Term CAP APR<br \/>\n&#8211; les risques majeurs li\u00e9s aux \u00e9v\u00e8nements d\u2019origine naturelle pour les 1PRO.<br \/>\nNous avons aussi parl\u00e9 de la qualit\u00e9 de l\u2019eau \u00e9mise dans les canalisations et de son traitement par un adoucisseur, ce qui fait le lien avec le cours de sciences appliqu\u00e9es et le traitement de l\u2019eau pour des serveurs sensibilis\u00e9s \u00e0 la qualit\u00e9 de la vaisselle.<br \/>\nLes \u00e9l\u00e8ves ont aussi pu constater l\u2019importance du risque professionnel \u00e9tudi\u00e9 aussi en PSE : le bruit.<br \/>\nLes pompes \u00e9mettent un bruit important et des panneaux indiquant les EPI (\u00e9quipements de protection individuelle) sont pr\u00e9sents sur le site.<br \/>\nUn grand merci \u00e0 M. Christophe Besquent, directeur du site et \u00e0 tous les accompagnateurs, sans qui cette sortie n\u2019aurait pu avoir lieu ; aux \u00e9l\u00e8ves, \u00e0 l\u2019enthousiasme toujours surprenant ; et enfin \u00e0 notre proviseure, Mme Natale, notre proviseure adjoint Mme Bouquet et \u00e0 notre intendant M.Delarbre, qui chaque ann\u00e9e permettent la r\u00e9alisation de ces sorties scolaires.<\/p>\n<p>Mme Desroches<\/p>\n<p>Cliquer sur l&rsquo;image pour naviguer dans l&rsquo;album photo :<\/p>\n<p><a href=\"https:\/\/photos.app.goo.gl\/WEUwuHxKgMsn9Y1e9\" target=\"_blank\" rel=\"noopener noreferrer\"><img loading=\"lazy\" decoding=\"async\" class=\"alignnone size-large wp-image-9616\" src=\"http:\/\/www.lyceedechamalieres.fr\/wp-content\/uploads\/2019\/12\/collage-1024x853.jpg\" alt=\"\" width=\"860\" height=\"716\" srcset=\"https:\/\/lyceedechamalieres.fr\/wp-content\/uploads\/2019\/12\/collage-1024x853.jpg 1024w, https:\/\/lyceedechamalieres.fr\/wp-content\/uploads\/2019\/12\/collage-300x250.jpg 300w, https:\/\/lyceedechamalieres.fr\/wp-content\/uploads\/2019\/12\/collage-768x640.jpg 768w, https:\/\/lyceedechamalieres.fr\/wp-content\/uploads\/2019\/12\/collage-600x500.jpg 600w, https:\/\/lyceedechamalieres.fr\/wp-content\/uploads\/2019\/12\/collage-1536x1280.jpg 1536w, https:\/\/lyceedechamalieres.fr\/wp-content\/uploads\/2019\/12\/collage-2048x1707.jpg 2048w\" sizes=\"auto, (max-width: 860px) 100vw, 860px\" \/><\/a><\/p>\n","protected":false},"excerpt":{"rendered":"<p>Le lundi 18 novembre, la classe de terminale CAP Agent Polyvalent de restauration et la classe de 1\u00e8re bac pro commercialisation et service en restauration [&#8230;]<\/p>\n","protected":false},"author":1,"featured_media":0,"comment_status":"closed","ping_status":"closed","sticky":false,"template":"","format":"standard","meta":{"footnotes":""},"categories":[7],"tags":[71],"class_list":["post-9614","post","type-post","status-publish","format-standard","hentry","category-actualites","tag-cap"],"_links":{"self":[{"href":"https:\/\/lyceedechamalieres.fr\/index.php?rest_route=\/wp\/v2\/posts\/9614","targetHints":{"allow":["GET"]}}],"collection":[{"href":"https:\/\/lyceedechamalieres.fr\/index.php?rest_route=\/wp\/v2\/posts"}],"about":[{"href":"https:\/\/lyceedechamalieres.fr\/index.php?rest_route=\/wp\/v2\/types\/post"}],"author":[{"embeddable":true,"href":"https:\/\/lyceedechamalieres.fr\/index.php?rest_route=\/wp\/v2\/users\/1"}],"replies":[{"embeddable":true,"href":"https:\/\/lyceedechamalieres.fr\/index.php?rest_route=%2Fwp%2Fv2%2Fcomments&post=9614"}],"version-history":[{"count":2,"href":"https:\/\/lyceedechamalieres.fr\/index.php?rest_route=\/wp\/v2\/posts\/9614\/revisions"}],"predecessor-version":[{"id":9699,"href":"https:\/\/lyceedechamalieres.fr\/index.php?rest_route=\/wp\/v2\/posts\/9614\/revisions\/9699"}],"wp:attachment":[{"href":"https:\/\/lyceedechamalieres.fr\/index.php?rest_route=%2Fwp%2Fv2%2Fmedia&parent=9614"}],"wp:term":[{"taxonomy":"category","embeddable":true,"href":"https:\/\/lyceedechamalieres.fr\/index.php?rest_route=%2Fwp%2Fv2%2Fcategories&post=9614"},{"taxonomy":"post_tag","embeddable":true,"href":"https:\/\/lyceedechamalieres.fr\/index.php?rest_route=%2Fwp%2Fv2%2Ftags&post=9614"}],"curies":[{"name":"wp","href":"https:\/\/api.w.org\/{rel}","templated":true}]}}