{"id":9651,"date":"2020-01-10T06:04:49","date_gmt":"2020-01-10T05:04:49","guid":{"rendered":"http:\/\/www.lyceedechamalieres.fr\/?p=9651"},"modified":"2020-03-16T11:57:44","modified_gmt":"2020-03-16T10:57:44","slug":"portes-ouvertes-2018-et-decouverte-des-filieres-2-2-3","status":"publish","type":"post","link":"https:\/\/lyceedechamalieres.fr\/?p=9651","title":{"rendered":"Portes ouvertes 2020 et d\u00e9couverte des fili\u00e8res"},"content":{"rendered":"<p><img loading=\"lazy\" decoding=\"async\" class=\"alignleft wp-image-6363\" src=\"http:\/\/www.lyceedechamalieres.fr\/wp-content\/uploads\/2016\/05\/logo-150x150.png\" alt=\"logo\" width=\"150\" height=\"150\" srcset=\"https:\/\/lyceedechamalieres.fr\/wp-content\/uploads\/2016\/05\/logo-150x150.png 150w, https:\/\/lyceedechamalieres.fr\/wp-content\/uploads\/2016\/05\/logo-144x144.png 144w\" sizes=\"auto, (max-width: 150px) 100vw, 150px\" \/><span style=\"color: #800000;\"><strong><span style=\"font-size: 0.95em;\">En raison de la situation sanitaire actuelle, la journ\u00e9e portes ouvertes initialement pr\u00e9vue samedi 14 mars 2020 de 8h30 \u00e0 14h est annul\u00e9e.<br \/>\n<\/span>Je vous remercie de votre compr\u00e9hension.<\/strong><\/span><br \/>\n<span style=\"color: #800000;\"><strong>K. NATALE, Proviseure<\/strong><\/span><\/p>\n<p><!--more--><br \/>\nRetrouvez ci-dessous les informations concernant la <strong>journ\u00e9e portes ouvertes du 14 mars 2020<\/strong> et les modalit\u00e9s de d\u00e9couvertes des fili\u00e8res du lyc\u00e9e.<\/p>\n<p><strong>Journ\u00e9e Portes ouvertes<\/strong><\/p>\n<p>La journ\u00e9e Portes Ouvertes du lyc\u00e9e de Chamali\u00e8res aura lieu le samedi 14 mars 2020 \u00e0 partir de 8h30, jusqu&rsquo;\u00e0 14h.<\/p>\n<p><strong>Mini-stage \u00ab\u00a0d\u00e9couverte des fili\u00e8res\u00a0\u00bb<\/strong><\/p>\n<p>Nous accueillerons comme chaque ann\u00e9e les \u00e9l\u00e8ves qui souhaitent d\u00e9couvrir nos formations selon le planning suivant :<\/p>\n<ul>\n<li><a href=\"http:\/\/www.lyceedechamalieres.fr\/?page_id=78\">Seconde Bac pro cuisine et CSR<\/a> : les mardis de 8h30 \u00e0 14h<\/li>\n<li><a href=\"http:\/\/www.lyceedechamalieres.fr\/?page_id=80\">Seconde Bac STHR<\/a> : le vendredi 14 f\u00e9vrier ou le vendredi 15 mai de 8h30 \u00e0 17h<\/li>\n<li><a href=\"http:\/\/www.lyceedechamalieres.fr\/?page_id=80\">Premi\u00e8re Bac STHR<\/a> : les lundis de 8h30 \u00e0 18h<\/li>\n<li><a href=\"http:\/\/www.lyceedechamalieres.fr\/?page_id=101\">MAN de BTS MHR<\/a> : le mercredi de 14h30 \u00e0 18h30<\/li>\n<li><a href=\"http:\/\/www.lyceedechamalieres.fr\/?page_id=112\">MC Accueil R\u00e9ception<\/a> : en mars, du lundi au vendredi de 8h30 \u00e0 12h15<\/li>\n<li><a href=\"http:\/\/www.lyceedechamalieres.fr\/?page_id=73\">CAP APR<\/a> : le mercredi matin ou le vendredi matin<\/li>\n<\/ul>\n<p>Pour toute demande de renseignements, contacter :<\/p>\n<ul>\n<li>Alexandra MARION,<br \/>\nDirectrice D\u00e9l\u00e9gu\u00e9e aux Formations Professionnelles et Technologiques<br \/>\nTel. 04 73 31 74 64<br \/>\n<img decoding=\"async\" src=\"http:\/\/www.lyceedechamalieres.fr\/wp-content\/uploads\/2011\/05\/mel.jpg\" alt=\"\" \/> &#x64;d&#x66;&#112;t&#x40;&#108;&#x79;&#x63;e&#x65;&#100;e&#x63;&#104;&#x61;&#109;a&#x6c;&#105;e&#x72;&#101;&#x73;&#46;f&#x72;<\/li>\n<li>Ang\u00e9lique PICHOT,<br \/>\nBureau scolarit\u00e9<br \/>\nTel.\u00a004 73 31 74 53<br \/>\n<img decoding=\"async\" src=\"http:\/\/www.lyceedechamalieres.fr\/wp-content\/uploads\/2011\/05\/mel.jpg\" alt=\"\" \/> angelique&#46;pichot&#64;ac-cler&#109;&#111;&#110;&#116;&#46;&#102;&#114;<\/li>\n<\/ul>\n<a href=\"\/_pdf\/jpo20.pdf\" class=\"pdfemb-viewer\" style=\"\" data-width=\"max\" data-height=\"max\" data-mobile-width=\"500\"  data-scrollbar=\"none\" data-download=\"on\" data-tracking=\"on\" data-newwindow=\"on\" data-pagetextbox=\"off\" data-scrolltotop=\"off\" data-startzoom=\"100\" data-startfpzoom=\"100\" data-toolbar=\"both\" data-toolbar-fixed=\"off\">jpo20<br\/><\/a>\n","protected":false},"excerpt":{"rendered":"<p>En raison de la situation sanitaire actuelle, la journ\u00e9e portes ouvertes initialement pr\u00e9vue samedi 14 mars 2020 de 8h30 \u00e0 14h est annul\u00e9e. Je vous [&#8230;]<\/p>\n","protected":false},"author":1,"featured_media":0,"comment_status":"closed","ping_status":"closed","sticky":false,"template":"","format":"standard","meta":{"footnotes":""},"categories":[1],"tags":[],"class_list":["post-9651","post","type-post","status-publish","format-standard","hentry","category-lycee"],"_links":{"self":[{"href":"https:\/\/lyceedechamalieres.fr\/index.php?rest_route=\/wp\/v2\/posts\/9651","targetHints":{"allow":["GET"]}}],"collection":[{"href":"https:\/\/lyceedechamalieres.fr\/index.php?rest_route=\/wp\/v2\/posts"}],"about":[{"href":"https:\/\/lyceedechamalieres.fr\/index.php?rest_route=\/wp\/v2\/types\/post"}],"author":[{"embeddable":true,"href":"https:\/\/lyceedechamalieres.fr\/index.php?rest_route=\/wp\/v2\/users\/1"}],"replies":[{"embeddable":true,"href":"https:\/\/lyceedechamalieres.fr\/index.php?rest_route=%2Fwp%2Fv2%2Fcomments&post=9651"}],"version-history":[{"count":12,"href":"https:\/\/lyceedechamalieres.fr\/index.php?rest_route=\/wp\/v2\/posts\/9651\/revisions"}],"predecessor-version":[{"id":9775,"href":"https:\/\/lyceedechamalieres.fr\/index.php?rest_route=\/wp\/v2\/posts\/9651\/revisions\/9775"}],"wp:attachment":[{"href":"https:\/\/lyceedechamalieres.fr\/index.php?rest_route=%2Fwp%2Fv2%2Fmedia&parent=9651"}],"wp:term":[{"taxonomy":"category","embeddable":true,"href":"https:\/\/lyceedechamalieres.fr\/index.php?rest_route=%2Fwp%2Fv2%2Fcategories&post=9651"},{"taxonomy":"post_tag","embeddable":true,"href":"https:\/\/lyceedechamalieres.fr\/index.php?rest_route=%2Fwp%2Fv2%2Ftags&post=9651"}],"curies":[{"name":"wp","href":"https:\/\/api.w.org\/{rel}","templated":true}]}}