{"id":9732,"date":"2020-01-27T07:38:58","date_gmt":"2020-01-27T06:38:58","guid":{"rendered":"http:\/\/www.lyceedechamalieres.fr\/?p=9732"},"modified":"2020-01-28T07:44:47","modified_gmt":"2020-01-28T06:44:47","slug":"adrien-descouls-de-retour-au-lycee-presse","status":"publish","type":"post","link":"https:\/\/lyceedechamalieres.fr\/?p=9732","title":{"rendered":"Adrien Descouls de retour au lyc\u00e9e [presse]"},"content":{"rendered":"<p><img loading=\"lazy\" decoding=\"async\" class=\"alignleft size-thumbnail wp-image-9733\" src=\"http:\/\/www.lyceedechamalieres.fr\/wp-content\/uploads\/2020\/01\/adescoulscham3-150x150.jpg\" alt=\"\" width=\"150\" height=\"150\" srcset=\"https:\/\/lyceedechamalieres.fr\/wp-content\/uploads\/2020\/01\/adescoulscham3-150x150.jpg 150w, https:\/\/lyceedechamalieres.fr\/wp-content\/uploads\/2020\/01\/adescoulscham3-144x144.jpg 144w\" sizes=\"auto, (max-width: 150px) 100vw, 150px\" \/>Adrien Descouls est revenu, quatorze ans apr\u00e8s y avoir suivi ses \u00e9tudes, dans les murs du lyc\u00e9e h\u00f4telier de Chamali\u00e8res (Puy-de-D\u00f4me). \u201cOn voit bien les \u00e9volutions, pour l\u2019esprit, les temps d\u2019enseignement, les m\u00e9thodes de travail\u201d, temoigne-t-il. Le demi-finaliste de Top Chef 2018 a r\u00e9alis\u00e9 un repas sur le th\u00e8me : z\u00e9ro mati\u00e8re grasse, avec huit \u00e9l\u00e8ves en BTS management en h\u00f4tellerie-restauration derri\u00e8re les fourneaux et autant en service.<\/p>\n<p>\u201c\u00c0 mon \u00e9poque, c\u2019\u00e9tait plus dur mais tr\u00e8s formateur, explique le chef. Il fallait faire des efforts pour apprendre le m\u00e9tier.\u201d C\u2019est Xavier Gourc, professeur \u00e0 Chamali\u00e8res, qui organise ces visites d\u2019anciens \u00e9l\u00e8ves : \u201cCela apporte aux \u00e9l\u00e8ves un regard diff\u00e9rent, mais c\u2019est \u00e9galement bien pour moi. Je vois les \u00e9volutions de la cuisine d\u2019aujourd\u2019hui.\u201d<\/p>\n<p>Apr\u00e8s un parcours aupr\u00e8s de chefs \u00e9toil\u00e9s et meilleurs ouvriers de France, Adrien Descouls est revenu au pays pour reprendre l\u2019h\u00f4tel-restaurant du Broc, \u00e0 Issoire (Puy-de-D\u00f4me), rebaptis\u00e9 Origines.<\/p>\n<p><img loading=\"lazy\" decoding=\"async\" class=\"size-full wp-image-9733 aligncenter\" src=\"http:\/\/www.lyceedechamalieres.fr\/wp-content\/uploads\/2020\/01\/adescoulscham3.jpg\" alt=\"\" width=\"450\" height=\"225\" srcset=\"https:\/\/lyceedechamalieres.fr\/wp-content\/uploads\/2020\/01\/adescoulscham3.jpg 450w, https:\/\/lyceedechamalieres.fr\/wp-content\/uploads\/2020\/01\/adescoulscham3-300x150.jpg 300w\" sizes=\"auto, (max-width: 450px) 100vw, 450px\" \/><\/p>\n<p>Source : <a href=\"https:\/\/www.lhotellerie-restauration.fr\/journal\/formation-ecole\/2020-01\/adrien-descouls-de-retour-au-lycee-de-chamalieres.htm\" target=\"_blank\" rel=\"noopener noreferrer\">www.lhotellerie-restauration.fr<\/a><\/p>\n<p>A lire \u00e9galement : Adrien Descouls, chef du restaurant Origines, au Broc (Puy-de-D\u00f4me), d\u00e9croche une \u00e9toile au guide Michelin. Lien : <a href=\"https:\/\/www.lamontagne.fr\/broc-63500\/loisirs\/adrien-descouls-chef-du-restaurant-origines-au-broc-puy-de-dome-decroche-une-etoile-au-guide-michelin_13731992\/\" target=\"_blank\" rel=\"noopener noreferrer\">www.lamontagne.fr<\/a><\/p>\n","protected":false},"excerpt":{"rendered":"<p>Adrien Descouls est revenu, quatorze ans apr\u00e8s y avoir suivi ses \u00e9tudes, dans les murs du lyc\u00e9e h\u00f4telier de Chamali\u00e8res (Puy-de-D\u00f4me). \u201cOn voit bien les [&#8230;]<\/p>\n","protected":false},"author":1,"featured_media":0,"comment_status":"closed","ping_status":"closed","sticky":false,"template":"","format":"standard","meta":{"footnotes":""},"categories":[16],"tags":[47,41],"class_list":["post-9732","post","type-post","status-publish","format-standard","hentry","category-hotellerie","tag-gastronomie","tag-rencontre"],"_links":{"self":[{"href":"https:\/\/lyceedechamalieres.fr\/index.php?rest_route=\/wp\/v2\/posts\/9732","targetHints":{"allow":["GET"]}}],"collection":[{"href":"https:\/\/lyceedechamalieres.fr\/index.php?rest_route=\/wp\/v2\/posts"}],"about":[{"href":"https:\/\/lyceedechamalieres.fr\/index.php?rest_route=\/wp\/v2\/types\/post"}],"author":[{"embeddable":true,"href":"https:\/\/lyceedechamalieres.fr\/index.php?rest_route=\/wp\/v2\/users\/1"}],"replies":[{"embeddable":true,"href":"https:\/\/lyceedechamalieres.fr\/index.php?rest_route=%2Fwp%2Fv2%2Fcomments&post=9732"}],"version-history":[{"count":1,"href":"https:\/\/lyceedechamalieres.fr\/index.php?rest_route=\/wp\/v2\/posts\/9732\/revisions"}],"predecessor-version":[{"id":9734,"href":"https:\/\/lyceedechamalieres.fr\/index.php?rest_route=\/wp\/v2\/posts\/9732\/revisions\/9734"}],"wp:attachment":[{"href":"https:\/\/lyceedechamalieres.fr\/index.php?rest_route=%2Fwp%2Fv2%2Fmedia&parent=9732"}],"wp:term":[{"taxonomy":"category","embeddable":true,"href":"https:\/\/lyceedechamalieres.fr\/index.php?rest_route=%2Fwp%2Fv2%2Fcategories&post=9732"},{"taxonomy":"post_tag","embeddable":true,"href":"https:\/\/lyceedechamalieres.fr\/index.php?rest_route=%2Fwp%2Fv2%2Ftags&post=9732"}],"curies":[{"name":"wp","href":"https:\/\/api.w.org\/{rel}","templated":true}]}}